{"id":3174,"date":"2026-04-29T08:59:00","date_gmt":"2026-04-29T08:59:00","guid":{"rendered":"https:\/\/internationaux-strasbourg.fr\/?p=3174"},"modified":"2026-04-29T08:59:00","modified_gmt":"2026-04-29T08:59:00","slug":"lapres-match-des-is26","status":"publish","type":"post","link":"https:\/\/internationaux-strasbourg.fr\/fr\/lapres-match-des-is26\/","title":{"rendered":"L&rsquo;apr\u00e8s match des #IS26"},"content":{"rendered":"\n<p>Aux Internationaux de Strasbourg, l\u2019\u00e9motion ne s\u2019arr\u00eate pas \u00e0 la balle de match. Comme chaque ann\u00e9e nous vous proposons une exp\u00e9rience compl\u00e8te en invitant le public \u00e0 prolonger sa journ\u00e9e dans une ambiance festive et conviviale avec l\u2019Apr\u00e8s-Match des #IS26.<\/p>\n\n\n\n<p>Du mercredi 20 au vendredi 22 mai, l\u2019espace grand public du Tennis Club de Strasbourg se transforme chaque soir pour laisser place \u00e0 la musique. Une occasion id\u00e9ale de vivre le tournoi autrement, une fois les rencontres termin\u00e9es.<\/p>\n\n\n\n<div style=\"height:8px\" aria-hidden=\"true\" class=\"wp-block-spacer\"><\/div>\n\n\n\n<h4 class=\"wp-block-heading\">Trois soir\u00e9es, trois ambiances<\/h4>\n\n\n\n<p><strong>Mercredi 20 mai \u2013 Tennis Backstage<\/strong><br>Une programmation aux sonorit\u00e9s rock et vari\u00e9t\u00e9s internationales. <\/p>\n\n\n\n<p><strong>Jeudi 21 mai \u2013 Va leur dire Association<\/strong><br>Une s\u00e9lection hip-hop, RnB et open format. <\/p>\n\n\n\n<p><strong>Vendredi 22 mai \u2013 Jimi Jacks &amp; son Collectif<\/strong><br>Soir\u00e9e latines : salsa, bachata et merengue seront au rendez-vous.<\/p>\n\n\n\n<div style=\"height:8px\" aria-hidden=\"true\" class=\"wp-block-spacer\"><\/div>\n\n\n\n<h4 class=\"wp-block-heading\">Un acc\u00e8s gratuit, sur r\u00e9servation<\/h4>\n\n\n\n<p>L\u2019Apr\u00e8s-Match est accessible gratuitement, dans la limite des places disponibles. Pour en profiter, il est indispensable de r\u00e9server son billet via la billetterie en ligne.<\/p>\n\n\n\n<div style=\"height:8px\" aria-hidden=\"true\" class=\"wp-block-spacer\"><\/div>\n\n\n\n<div class=\"wp-block-buttons is-content-justification-center is-layout-flex wp-container-core-buttons-is-layout-a89b3969 wp-block-buttons-is-layout-flex\">\n<div class=\"wp-block-button\"><a class=\"wp-block-button__link wp-element-button\" href=\"https:\/\/www.billetweb.fr\/lapres-match-aux-internationaux-de-strasbourg&amp;multi=40015&amp;margin=no_margin&amp;ref=40015&amp;color=52227a&amp;parent=wtastrasbourg2026&amp;margin=no_margin&amp;ref=40015&amp;color=52227a\">JE PRENDS MA PLACE !<\/a><\/div>\n<\/div>\n\n\n\n<p><\/p>\n","protected":false},"excerpt":{"rendered":"<p>Aux Internationaux de Strasbourg, l\u2019\u00e9motion ne s\u2019arr\u00eate pas \u00e0 la balle de match. Comme chaque ann\u00e9e nous vous proposons une exp\u00e9rience compl\u00e8te en invitant le public \u00e0 prolonger sa journ\u00e9e dans une ambiance festive et conviviale avec l\u2019Apr\u00e8s-Match des #IS26. Du mercredi 20 au vendredi 22 mai, l\u2019espace grand public du Tennis Club de Strasbourg [&hellip;]<\/p>\n","protected":false},"author":2,"featured_media":3176,"comment_status":"open","ping_status":"open","sticky":false,"template":"","format":"standard","meta":{"footnotes":""},"categories":[28,72],"tags":[],"class_list":["post-3174","post","type-post","status-publish","format-standard","has-post-thumbnail","hentry","category-evenement-fr","category-is26"],"yoast_head":"<!-- This site is optimized with the Yoast SEO plugin v26.6 - https:\/\/yoast.com\/wordpress\/plugins\/seo\/ -->\n<title>L&#039;apr\u00e8s match des #IS26 - INTERNATIONAUX DE STRASBOURG<\/title>\n<meta name=\"robots\" content=\"index, follow, max-snippet:-1, max-image-preview:large, max-video-preview:-1\" \/>\n<link rel=\"canonical\" href=\"https:\/\/internationaux-strasbourg.fr\/fr\/lapres-match-des-is26\/\" \/>\n<meta property=\"og:locale\" content=\"fr_FR\" \/>\n<meta property=\"og:type\" content=\"article\" \/>\n<meta property=\"og:title\" content=\"L&#039;apr\u00e8s match des #IS26 - INTERNATIONAUX DE STRASBOURG\" \/>\n<meta property=\"og:description\" content=\"Aux Internationaux de Strasbourg, l\u2019\u00e9motion ne s\u2019arr\u00eate pas \u00e0 la balle de match. Comme chaque ann\u00e9e nous vous proposons une exp\u00e9rience compl\u00e8te en invitant le public \u00e0 prolonger sa journ\u00e9e dans une ambiance festive et conviviale avec l\u2019Apr\u00e8s-Match des #IS26. Du mercredi 20 au vendredi 22 mai, l\u2019espace grand public du Tennis Club de Strasbourg [&hellip;]\" \/>\n<meta property=\"og:url\" content=\"https:\/\/internationaux-strasbourg.fr\/fr\/lapres-match-des-is26\/\" \/>\n<meta property=\"og:site_name\" content=\"INTERNATIONAUX DE STRASBOURG\" \/>\n<meta property=\"article:publisher\" content=\"https:\/\/www.facebook.com\/INTERNATIONAUXSTRASBOURG\/\" \/>\n<meta property=\"article:published_time\" content=\"2026-04-29T08:59:00+00:00\" \/>\n<meta property=\"og:image\" content=\"https:\/\/internationaux-strasbourg.fr\/wp-content\/uploads\/2026\/04\/linkbio-apres-match.png\" \/>\n\t<meta property=\"og:image:width\" content=\"1400\" \/>\n\t<meta property=\"og:image:height\" content=\"1400\" \/>\n\t<meta property=\"og:image:type\" content=\"image\/png\" \/>\n<meta name=\"author\" content=\"Louise Amrhein\" \/>\n<meta name=\"twitter:card\" content=\"summary_large_image\" \/>\n<meta name=\"twitter:creator\" content=\"@WTA_Strasbourg\" \/>\n<meta name=\"twitter:site\" content=\"@WTA_Strasbourg\" \/>\n<meta name=\"twitter:label1\" content=\"\u00c9crit par\" \/>\n\t<meta name=\"twitter:data1\" content=\"Louise Amrhein\" \/>\n\t<meta name=\"twitter:label2\" content=\"Dur\u00e9e de lecture estim\u00e9e\" \/>\n\t<meta name=\"twitter:data2\" content=\"2 minutes\" \/>\n<script type=\"application\/ld+json\" class=\"yoast-schema-graph\">{\"@context\":\"https:\/\/schema.org\",\"@graph\":[{\"@type\":\"Article\",\"@id\":\"https:\/\/internationaux-strasbourg.fr\/fr\/lapres-match-des-is26\/#article\",\"isPartOf\":{\"@id\":\"https:\/\/internationaux-strasbourg.fr\/fr\/lapres-match-des-is26\/\"},\"author\":{\"name\":\"Louise Amrhein\",\"@id\":\"https:\/\/internationaux-strasbourg.fr\/fr\/#\/schema\/person\/d5889e58edd157e13536997b1b801a41\"},\"headline\":\"L&rsquo;apr\u00e8s match des #IS26\",\"datePublished\":\"2026-04-29T08:59:00+00:00\",\"mainEntityOfPage\":{\"@id\":\"https:\/\/internationaux-strasbourg.fr\/fr\/lapres-match-des-is26\/\"},\"wordCount\":181,\"commentCount\":0,\"publisher\":{\"@id\":\"https:\/\/internationaux-strasbourg.fr\/fr\/#organization\"},\"image\":{\"@id\":\"https:\/\/internationaux-strasbourg.fr\/fr\/lapres-match-des-is26\/#primaryimage\"},\"thumbnailUrl\":\"https:\/\/internationaux-strasbourg.fr\/wp-content\/uploads\/2026\/04\/linkbio-apres-match.png\",\"articleSection\":[\"\u00c9v\u00e9nement\",\"IS26\"],\"inLanguage\":\"fr-FR\",\"potentialAction\":[{\"@type\":\"CommentAction\",\"name\":\"Comment\",\"target\":[\"https:\/\/internationaux-strasbourg.fr\/fr\/lapres-match-des-is26\/#respond\"]}]},{\"@type\":\"WebPage\",\"@id\":\"https:\/\/internationaux-strasbourg.fr\/fr\/lapres-match-des-is26\/\",\"url\":\"https:\/\/internationaux-strasbourg.fr\/fr\/lapres-match-des-is26\/\",\"name\":\"L'apr\u00e8s match des #IS26 - INTERNATIONAUX DE STRASBOURG\",\"isPartOf\":{\"@id\":\"https:\/\/internationaux-strasbourg.fr\/fr\/#website\"},\"primaryImageOfPage\":{\"@id\":\"https:\/\/internationaux-strasbourg.fr\/fr\/lapres-match-des-is26\/#primaryimage\"},\"image\":{\"@id\":\"https:\/\/internationaux-strasbourg.fr\/fr\/lapres-match-des-is26\/#primaryimage\"},\"thumbnailUrl\":\"https:\/\/internationaux-strasbourg.fr\/wp-content\/uploads\/2026\/04\/linkbio-apres-match.png\",\"datePublished\":\"2026-04-29T08:59:00+00:00\",\"breadcrumb\":{\"@id\":\"https:\/\/internationaux-strasbourg.fr\/fr\/lapres-match-des-is26\/#breadcrumb\"},\"inLanguage\":\"fr-FR\",\"potentialAction\":[{\"@type\":\"ReadAction\",\"target\":[\"https:\/\/internationaux-strasbourg.fr\/fr\/lapres-match-des-is26\/\"]}]},{\"@type\":\"ImageObject\",\"inLanguage\":\"fr-FR\",\"@id\":\"https:\/\/internationaux-strasbourg.fr\/fr\/lapres-match-des-is26\/#primaryimage\",\"url\":\"https:\/\/internationaux-strasbourg.fr\/wp-content\/uploads\/2026\/04\/linkbio-apres-match.png\",\"contentUrl\":\"https:\/\/internationaux-strasbourg.fr\/wp-content\/uploads\/2026\/04\/linkbio-apres-match.png\",\"width\":1400,\"height\":1400},{\"@type\":\"BreadcrumbList\",\"@id\":\"https:\/\/internationaux-strasbourg.fr\/fr\/lapres-match-des-is26\/#breadcrumb\",\"itemListElement\":[{\"@type\":\"ListItem\",\"position\":1,\"name\":\"Home\",\"item\":\"https:\/\/internationaux-strasbourg.fr\/fr\/\"},{\"@type\":\"ListItem\",\"position\":2,\"name\":\"L&rsquo;apr\u00e8s match des #IS26\"}]},{\"@type\":\"WebSite\",\"@id\":\"https:\/\/internationaux-strasbourg.fr\/fr\/#website\",\"url\":\"https:\/\/internationaux-strasbourg.fr\/fr\/\",\"name\":\"Internationaux de Strasbourg\",\"description\":\"\",\"publisher\":{\"@id\":\"https:\/\/internationaux-strasbourg.fr\/fr\/#organization\"},\"potentialAction\":[{\"@type\":\"SearchAction\",\"target\":{\"@type\":\"EntryPoint\",\"urlTemplate\":\"https:\/\/internationaux-strasbourg.fr\/fr\/?s={search_term_string}\"},\"query-input\":{\"@type\":\"PropertyValueSpecification\",\"valueRequired\":true,\"valueName\":\"search_term_string\"}}],\"inLanguage\":\"fr-FR\"},{\"@type\":\"Organization\",\"@id\":\"https:\/\/internationaux-strasbourg.fr\/fr\/#organization\",\"name\":\"Internationaux de Strasbourg\",\"url\":\"https:\/\/internationaux-strasbourg.fr\/fr\/\",\"logo\":{\"@type\":\"ImageObject\",\"inLanguage\":\"fr-FR\",\"@id\":\"https:\/\/internationaux-strasbourg.fr\/fr\/#\/schema\/logo\/image\/\",\"url\":\"http:\/\/is.local\/wp-content\/uploads\/2024\/12\/Logo-composite-noir-e1734341181451.png\",\"contentUrl\":\"http:\/\/is.local\/wp-content\/uploads\/2024\/12\/Logo-composite-noir-e1734341181451.png\",\"width\":300,\"height\":103,\"caption\":\"Internationaux de Strasbourg\"},\"image\":{\"@id\":\"https:\/\/internationaux-strasbourg.fr\/fr\/#\/schema\/logo\/image\/\"},\"sameAs\":[\"https:\/\/www.facebook.com\/INTERNATIONAUXSTRASBOURG\/\",\"https:\/\/x.com\/WTA_Strasbourg\",\"https:\/\/www.instagram.com\/WTA_Strasbourg\",\"https:\/\/www.youtube.com\/user\/istennis2014\",\"https:\/\/www.linkedin.com\/showcase\/internationaux-de-strasbourg\/\"]},{\"@type\":\"Person\",\"@id\":\"https:\/\/internationaux-strasbourg.fr\/fr\/#\/schema\/person\/d5889e58edd157e13536997b1b801a41\",\"name\":\"Louise Amrhein\",\"image\":{\"@type\":\"ImageObject\",\"inLanguage\":\"fr-FR\",\"@id\":\"https:\/\/internationaux-strasbourg.fr\/fr\/#\/schema\/person\/image\/\",\"url\":\"https:\/\/secure.gravatar.com\/avatar\/30325482734a0af888c35bd53c26239119e41d44f2d3f6bc1491c3575171fcda?s=96&d=mm&r=g\",\"contentUrl\":\"https:\/\/secure.gravatar.com\/avatar\/30325482734a0af888c35bd53c26239119e41d44f2d3f6bc1491c3575171fcda?s=96&d=mm&r=g\",\"caption\":\"Louise Amrhein\"},\"url\":\"https:\/\/internationaux-strasbourg.fr\/fr\/author\/louise\/\"}]}<\/script>\n<!-- \/ Yoast SEO plugin. -->","yoast_head_json":{"title":"L'apr\u00e8s match des #IS26 - INTERNATIONAUX DE STRASBOURG","robots":{"index":"index","follow":"follow","max-snippet":"max-snippet:-1","max-image-preview":"max-image-preview:large","max-video-preview":"max-video-preview:-1"},"canonical":"https:\/\/internationaux-strasbourg.fr\/fr\/lapres-match-des-is26\/","og_locale":"fr_FR","og_type":"article","og_title":"L'apr\u00e8s match des #IS26 - INTERNATIONAUX DE STRASBOURG","og_description":"Aux Internationaux de Strasbourg, l\u2019\u00e9motion ne s\u2019arr\u00eate pas \u00e0 la balle de match. Comme chaque ann\u00e9e nous vous proposons une exp\u00e9rience compl\u00e8te en invitant le public \u00e0 prolonger sa journ\u00e9e dans une ambiance festive et conviviale avec l\u2019Apr\u00e8s-Match des #IS26. Du mercredi 20 au vendredi 22 mai, l\u2019espace grand public du Tennis Club de Strasbourg [&hellip;]","og_url":"https:\/\/internationaux-strasbourg.fr\/fr\/lapres-match-des-is26\/","og_site_name":"INTERNATIONAUX DE STRASBOURG","article_publisher":"https:\/\/www.facebook.com\/INTERNATIONAUXSTRASBOURG\/","article_published_time":"2026-04-29T08:59:00+00:00","og_image":[{"width":1400,"height":1400,"url":"https:\/\/internationaux-strasbourg.fr\/wp-content\/uploads\/2026\/04\/linkbio-apres-match.png","type":"image\/png"}],"author":"Louise Amrhein","twitter_card":"summary_large_image","twitter_creator":"@WTA_Strasbourg","twitter_site":"@WTA_Strasbourg","twitter_misc":{"\u00c9crit par":"Louise Amrhein","Dur\u00e9e de lecture estim\u00e9e":"2 minutes"},"schema":{"@context":"https:\/\/schema.org","@graph":[{"@type":"Article","@id":"https:\/\/internationaux-strasbourg.fr\/fr\/lapres-match-des-is26\/#article","isPartOf":{"@id":"https:\/\/internationaux-strasbourg.fr\/fr\/lapres-match-des-is26\/"},"author":{"name":"Louise Amrhein","@id":"https:\/\/internationaux-strasbourg.fr\/fr\/#\/schema\/person\/d5889e58edd157e13536997b1b801a41"},"headline":"L&rsquo;apr\u00e8s match des #IS26","datePublished":"2026-04-29T08:59:00+00:00","mainEntityOfPage":{"@id":"https:\/\/internationaux-strasbourg.fr\/fr\/lapres-match-des-is26\/"},"wordCount":181,"commentCount":0,"publisher":{"@id":"https:\/\/internationaux-strasbourg.fr\/fr\/#organization"},"image":{"@id":"https:\/\/internationaux-strasbourg.fr\/fr\/lapres-match-des-is26\/#primaryimage"},"thumbnailUrl":"https:\/\/internationaux-strasbourg.fr\/wp-content\/uploads\/2026\/04\/linkbio-apres-match.png","articleSection":["\u00c9v\u00e9nement","IS26"],"inLanguage":"fr-FR","potentialAction":[{"@type":"CommentAction","name":"Comment","target":["https:\/\/internationaux-strasbourg.fr\/fr\/lapres-match-des-is26\/#respond"]}]},{"@type":"WebPage","@id":"https:\/\/internationaux-strasbourg.fr\/fr\/lapres-match-des-is26\/","url":"https:\/\/internationaux-strasbourg.fr\/fr\/lapres-match-des-is26\/","name":"L'apr\u00e8s match des #IS26 - INTERNATIONAUX DE STRASBOURG","isPartOf":{"@id":"https:\/\/internationaux-strasbourg.fr\/fr\/#website"},"primaryImageOfPage":{"@id":"https:\/\/internationaux-strasbourg.fr\/fr\/lapres-match-des-is26\/#primaryimage"},"image":{"@id":"https:\/\/internationaux-strasbourg.fr\/fr\/lapres-match-des-is26\/#primaryimage"},"thumbnailUrl":"https:\/\/internationaux-strasbourg.fr\/wp-content\/uploads\/2026\/04\/linkbio-apres-match.png","datePublished":"2026-04-29T08:59:00+00:00","breadcrumb":{"@id":"https:\/\/internationaux-strasbourg.fr\/fr\/lapres-match-des-is26\/#breadcrumb"},"inLanguage":"fr-FR","potentialAction":[{"@type":"ReadAction","target":["https:\/\/internationaux-strasbourg.fr\/fr\/lapres-match-des-is26\/"]}]},{"@type":"ImageObject","inLanguage":"fr-FR","@id":"https:\/\/internationaux-strasbourg.fr\/fr\/lapres-match-des-is26\/#primaryimage","url":"https:\/\/internationaux-strasbourg.fr\/wp-content\/uploads\/2026\/04\/linkbio-apres-match.png","contentUrl":"https:\/\/internationaux-strasbourg.fr\/wp-content\/uploads\/2026\/04\/linkbio-apres-match.png","width":1400,"height":1400},{"@type":"BreadcrumbList","@id":"https:\/\/internationaux-strasbourg.fr\/fr\/lapres-match-des-is26\/#breadcrumb","itemListElement":[{"@type":"ListItem","position":1,"name":"Home","item":"https:\/\/internationaux-strasbourg.fr\/fr\/"},{"@type":"ListItem","position":2,"name":"L&rsquo;apr\u00e8s match des #IS26"}]},{"@type":"WebSite","@id":"https:\/\/internationaux-strasbourg.fr\/fr\/#website","url":"https:\/\/internationaux-strasbourg.fr\/fr\/","name":"Internationaux de Strasbourg","description":"","publisher":{"@id":"https:\/\/internationaux-strasbourg.fr\/fr\/#organization"},"potentialAction":[{"@type":"SearchAction","target":{"@type":"EntryPoint","urlTemplate":"https:\/\/internationaux-strasbourg.fr\/fr\/?s={search_term_string}"},"query-input":{"@type":"PropertyValueSpecification","valueRequired":true,"valueName":"search_term_string"}}],"inLanguage":"fr-FR"},{"@type":"Organization","@id":"https:\/\/internationaux-strasbourg.fr\/fr\/#organization","name":"Internationaux de Strasbourg","url":"https:\/\/internationaux-strasbourg.fr\/fr\/","logo":{"@type":"ImageObject","inLanguage":"fr-FR","@id":"https:\/\/internationaux-strasbourg.fr\/fr\/#\/schema\/logo\/image\/","url":"http:\/\/is.local\/wp-content\/uploads\/2024\/12\/Logo-composite-noir-e1734341181451.png","contentUrl":"http:\/\/is.local\/wp-content\/uploads\/2024\/12\/Logo-composite-noir-e1734341181451.png","width":300,"height":103,"caption":"Internationaux de Strasbourg"},"image":{"@id":"https:\/\/internationaux-strasbourg.fr\/fr\/#\/schema\/logo\/image\/"},"sameAs":["https:\/\/www.facebook.com\/INTERNATIONAUXSTRASBOURG\/","https:\/\/x.com\/WTA_Strasbourg","https:\/\/www.instagram.com\/WTA_Strasbourg","https:\/\/www.youtube.com\/user\/istennis2014","https:\/\/www.linkedin.com\/showcase\/internationaux-de-strasbourg\/"]},{"@type":"Person","@id":"https:\/\/internationaux-strasbourg.fr\/fr\/#\/schema\/person\/d5889e58edd157e13536997b1b801a41","name":"Louise Amrhein","image":{"@type":"ImageObject","inLanguage":"fr-FR","@id":"https:\/\/internationaux-strasbourg.fr\/fr\/#\/schema\/person\/image\/","url":"https:\/\/secure.gravatar.com\/avatar\/30325482734a0af888c35bd53c26239119e41d44f2d3f6bc1491c3575171fcda?s=96&d=mm&r=g","contentUrl":"https:\/\/secure.gravatar.com\/avatar\/30325482734a0af888c35bd53c26239119e41d44f2d3f6bc1491c3575171fcda?s=96&d=mm&r=g","caption":"Louise Amrhein"},"url":"https:\/\/internationaux-strasbourg.fr\/fr\/author\/louise\/"}]}},"_links":{"self":[{"href":"https:\/\/internationaux-strasbourg.fr\/fr\/wp-json\/wp\/v2\/posts\/3174","targetHints":{"allow":["GET"]}}],"collection":[{"href":"https:\/\/internationaux-strasbourg.fr\/fr\/wp-json\/wp\/v2\/posts"}],"about":[{"href":"https:\/\/internationaux-strasbourg.fr\/fr\/wp-json\/wp\/v2\/types\/post"}],"author":[{"embeddable":true,"href":"https:\/\/internationaux-strasbourg.fr\/fr\/wp-json\/wp\/v2\/users\/2"}],"replies":[{"embeddable":true,"href":"https:\/\/internationaux-strasbourg.fr\/fr\/wp-json\/wp\/v2\/comments?post=3174"}],"version-history":[{"count":2,"href":"https:\/\/internationaux-strasbourg.fr\/fr\/wp-json\/wp\/v2\/posts\/3174\/revisions"}],"predecessor-version":[{"id":3177,"href":"https:\/\/internationaux-strasbourg.fr\/fr\/wp-json\/wp\/v2\/posts\/3174\/revisions\/3177"}],"wp:featuredmedia":[{"embeddable":true,"href":"https:\/\/internationaux-strasbourg.fr\/fr\/wp-json\/wp\/v2\/media\/3176"}],"wp:attachment":[{"href":"https:\/\/internationaux-strasbourg.fr\/fr\/wp-json\/wp\/v2\/media?parent=3174"}],"wp:term":[{"taxonomy":"category","embeddable":true,"href":"https:\/\/internationaux-strasbourg.fr\/fr\/wp-json\/wp\/v2\/categories?post=3174"},{"taxonomy":"post_tag","embeddable":true,"href":"https:\/\/internationaux-strasbourg.fr\/fr\/wp-json\/wp\/v2\/tags?post=3174"}],"curies":[{"name":"wp","href":"https:\/\/api.w.org\/{rel}","templated":true}]}}