{"id":3085,"date":"2026-04-28T09:04:51","date_gmt":"2026-04-28T09:04:51","guid":{"rendered":"https:\/\/internationaux-strasbourg.fr\/?p=3085"},"modified":"2026-04-28T09:44:40","modified_gmt":"2026-04-28T09:44:40","slug":"le-plateau-des-joueuses-2026-simple","status":"publish","type":"post","link":"https:\/\/internationaux-strasbourg.fr\/fr\/le-plateau-des-joueuses-2026-simple\/","title":{"rendered":"Le plateau des joueuses 2026 &#8211; simple"},"content":{"rendered":"\n<p>Le plateau des joueuses des #IS26, inscrites au 20 avril 2026, a \u00e9t\u00e9 d\u00e9voil\u00e9 !<\/p>\n\n\n\n<p>Il y aura encore quelques belles surprises avec l&rsquo;annonce des wild-cards, restez connect\u00e9s !<\/p>\n\n\n\n<p>Pour cette 40<sup>\u00e8me<\/sup> \u00e9dition, un beau casting vous attend sur la terre battue du Tennis Club de Strasbourg. Les joueuses du Top 40 mondial seront au rendez-vous\u2026 mais laquelle d\u2019entre elles inscrira son nom au palmar\u00e8s en succ\u00e9dant \u00e0 Elena Rybakina ? \ud83d\udd25<\/p>\n\n\n\n<p>Pour plus d&rsquo;informations, n&rsquo;h\u00e9sitez pas \u00e0 consulter notre <a href=\"https:\/\/canva.link\/2juy2u3an0b38ot\" target=\"_blank\" rel=\"noreferrer noopener\">dossier de presse 2026<\/a>.<\/p>\n\n\n\n<div style=\"height:33px\" aria-hidden=\"true\" class=\"wp-block-spacer\"><\/div>\n\n\n\n<h2 class=\"wp-block-heading\"><em><strong>MAIN DRAW 2026 :<\/strong><\/em><\/h2>\n\n\n\n<h4 class=\"wp-block-heading\">Ekaterina ALEXANDROVA<\/h4>\n\n\n\n<div class=\"player-card\"><div class=\"player-photo\"><img decoding=\"async\" src=\"https:\/\/internationaux-strasbourg.fr\/wp-content\/uploads\/2026\/04\/alexandrova-2.png\" alt=\"Photo de la joueuse\"\/><\/div><div class=\"player-details\"><div class=\"section\"><div class=\"info-group\"><div><div class=\"lib\">\u00c2ge<\/div><span>30<\/span><\/div><div><div class=\"lib\">Classement WTA<\/div><span>14<\/span><\/div><\/div><\/div><div class=\"section\"><div class=\"icon-group\"><div class=\"icon-container\"><i class=\"fas fa-flag\"><\/i><\/div><\/div><div class=\"icon-group\"><div class=\"icon-container\"><i class=\"fas fa-hand-paper\"><\/i><\/div><span>Droiti\u00e8re<\/span><\/div><\/div><div class=\"section participations\"><div class=\"info-group\"><div><div class=\"lib\">Participations aux IS : <\/div><span>4<\/span><\/div><\/div><div class=\"info-group note\"><div class=\"participation-note\">2020; 2021; 2024; 2025<\/div><\/div><\/div><\/div><\/div>\n\n\n\n<div style=\"height:17px\" aria-hidden=\"true\" class=\"wp-block-spacer\"><\/div>\n\n\n\n<h4 class=\"wp-block-heading\">Iva JOVIC<\/h4>\n\n\n\n<div class=\"player-card\"><div class=\"player-photo\"><img decoding=\"async\" src=\"https:\/\/internationaux-strasbourg.fr\/wp-content\/uploads\/2026\/04\/iva-jovic.png\" alt=\"Photo de la joueuse\"\/><\/div><div class=\"player-details\"><div class=\"section\"><div class=\"info-group\"><div><div class=\"lib\">\u00c2ge<\/div><span>18<\/span><\/div><div><div class=\"lib\">Classement WTA<\/div><span>16<\/span><\/div><\/div><\/div><div class=\"section\"><div class=\"icon-group\"><div class=\"icon-container\"><i class=\"fas fa-flag\"><\/i><\/div><span>Am\u00e9ricaine<\/span><\/div><div class=\"icon-group\"><div class=\"icon-container\"><i class=\"fas fa-hand-paper\"><\/i><\/div><span>Droiti\u00e8re<\/span><\/div><\/div><\/div><\/div>\n\n\n\n<div style=\"height:17px\" aria-hidden=\"true\" class=\"wp-block-spacer\"><\/div>\n\n\n\n<h4 class=\"wp-block-heading\">Madison KEYS<\/h4>\n\n\n\n<div class=\"player-card\"><div class=\"player-photo\"><img decoding=\"async\" src=\"https:\/\/internationaux-strasbourg.fr\/wp-content\/uploads\/2026\/04\/keys.png\" alt=\"Photo de la joueuse\"\/><\/div><div class=\"player-details\"><div class=\"section\"><div class=\"info-group\"><div><div class=\"lib\">\u00c2ge<\/div><span>31<\/span><\/div><div><div class=\"lib\">Classement WTA<\/div><span>17<\/span><\/div><\/div><\/div><div class=\"section\"><div class=\"icon-group\"><div class=\"icon-container\"><i class=\"fas fa-flag\"><\/i><\/div><span>Am\u00e9ricaine<\/span><\/div><div class=\"icon-group\"><div class=\"icon-container\"><i class=\"fas fa-hand-paper\"><\/i><\/div><span>Droiti\u00e8re<\/span><\/div><\/div><div class=\"section participations\"><div class=\"info-group\"><div><div class=\"lib\">Participations aux IS : <\/div><span>3<\/span><\/div><\/div><div class=\"info-group note\"><div class=\"participation-note\">2014; 2015; Vainqueur 2024<\/div><\/div><\/div><\/div><\/div>\n\n\n\n<div style=\"height:17px\" aria-hidden=\"true\" class=\"wp-block-spacer\"><\/div>\n\n\n\n<h4 class=\"wp-block-heading\">Clara TAUSON<\/h4>\n\n\n\n<div class=\"player-card\"><div class=\"player-photo\"><img decoding=\"async\" src=\"https:\/\/internationaux-strasbourg.fr\/wp-content\/uploads\/2026\/04\/tauson.png\" alt=\"Photo de la joueuse\"\/><\/div><div class=\"player-details\"><div class=\"section\"><div class=\"info-group\"><div><div class=\"lib\">\u00c2ge<\/div><span>23<\/span><\/div><div><div class=\"lib\">Classement WTA<\/div><span>18<\/span><\/div><\/div><\/div><div class=\"section\"><div class=\"icon-group\"><div class=\"icon-container\"><i class=\"fas fa-flag\"><\/i><\/div><span>Danoise<\/span><\/div><div class=\"icon-group\"><div class=\"icon-container\"><i class=\"fas fa-hand-paper\"><\/i><\/div><span>Droiti\u00e8re<\/span><\/div><\/div><div class=\"section participations\"><div class=\"info-group\"><div><div class=\"lib\">Participations aux IS : <\/div><span>1<\/span><\/div><\/div><div class=\"info-group note\"><div class=\"participation-note\">2025<\/div><\/div><\/div><\/div><\/div>\n\n\n\n<div style=\"height:17px\" aria-hidden=\"true\" class=\"wp-block-spacer\"><\/div>\n\n\n\n<h4 class=\"wp-block-heading\">Liudmila SAMSONOVA<\/h4>\n\n\n\n<div class=\"player-card\"><div class=\"player-photo\"><img decoding=\"async\" src=\"https:\/\/internationaux-strasbourg.fr\/wp-content\/uploads\/2026\/04\/samsonova.png\" alt=\"Photo de la joueuse\"\/><\/div><div class=\"player-details\"><div class=\"section\"><div class=\"info-group\"><div><div class=\"lib\">\u00c2ge<\/div><span>27<\/span><\/div><div><div class=\"lib\">Classement WTA<\/div><span>20<\/span><\/div><\/div><\/div><div class=\"section\"><div class=\"icon-group\"><div class=\"icon-container\"><i class=\"fas fa-flag\"><\/i><\/div><\/div><div class=\"icon-group\"><div class=\"icon-container\"><i class=\"fas fa-hand-paper\"><\/i><\/div><span>Droiti\u00e8re<\/span><\/div><\/div><div class=\"section participations\"><div class=\"info-group\"><div><div class=\"lib\">Participations aux IS : <\/div><span>2<\/span><\/div><\/div><div class=\"info-group note\"><div class=\"participation-note\">2024 : Demi-finaliste; <br>2025 : Finaliste<\/div><\/div><\/div><\/div><\/div>\n\n\n\n<div style=\"height:17px\" aria-hidden=\"true\" class=\"wp-block-spacer\"><\/div>\n\n\n\n<h4 class=\"wp-block-heading\">Marta KOSTYUK<\/h4>\n\n\n\n<div class=\"player-card\"><div class=\"player-photo\"><img decoding=\"async\" src=\"https:\/\/internationaux-strasbourg.fr\/wp-content\/uploads\/2026\/04\/marta-kostyuk.png\" alt=\"Photo de la joueuse\"\/><\/div><div class=\"player-details\"><div class=\"section\"><div class=\"info-group\"><div><div class=\"lib\">\u00c2ge<\/div><span>23<\/span><\/div><div><div class=\"lib\">Classement WTA<\/div><span>23<\/span><\/div><\/div><\/div><div class=\"section\"><div class=\"icon-group\"><div class=\"icon-container\"><i class=\"fas fa-flag\"><\/i><\/div><span>Ukrainienne<\/span><\/div><div class=\"icon-group\"><div class=\"icon-container\"><i class=\"fas fa-hand-paper\"><\/i><\/div><span>Droiti\u00e8re<\/span><\/div><\/div><div class=\"section participations\"><div class=\"info-group\"><div><div class=\"lib\">Participations aux IS : <\/div><span>2<\/span><\/div><\/div><div class=\"info-group note\"><div class=\"participation-note\">2019; 2022<\/div><\/div><\/div><\/div><\/div>\n\n\n\n<div style=\"height:17px\" aria-hidden=\"true\" class=\"wp-block-spacer\"><\/div>\n\n\n\n<h4 class=\"wp-block-heading\">Marie BOUZKOVA<\/h4>\n\n\n\n<div class=\"player-card\"><div class=\"player-photo\"><img decoding=\"async\" src=\"https:\/\/internationaux-strasbourg.fr\/wp-content\/uploads\/2026\/04\/bouzkova.png\" alt=\"Photo de la joueuse\"\/><\/div><div class=\"player-details\"><div class=\"section\"><div class=\"info-group\"><div><div class=\"lib\">\u00c2ge<\/div><span>27<\/span><\/div><div><div class=\"lib\">Classement WTA<\/div><span>24<\/span><\/div><\/div><\/div><div class=\"section\"><div class=\"icon-group\"><div class=\"icon-container\"><i class=\"fas fa-flag\"><\/i><\/div><span>Tch\u00e8que<\/span><\/div><div class=\"icon-group\"><div class=\"icon-container\"><i class=\"fas fa-hand-paper\"><\/i><\/div><span>Droiti\u00e8re<\/span><\/div><\/div><div class=\"section participations\"><div class=\"info-group\"><div><div class=\"lib\">Participations aux IS : <\/div><span>2<\/span><\/div><\/div><div class=\"info-group note\"><div class=\"participation-note\">2024; 2025<\/div><\/div><\/div><\/div><\/div>\n\n\n\n<div style=\"height:17px\" aria-hidden=\"true\" class=\"wp-block-spacer\"><\/div>\n\n\n\n<h4 class=\"wp-block-heading\">Leylah FERNANDEZ<\/h4>\n\n\n\n<div class=\"player-card\"><div class=\"player-photo\"><img decoding=\"async\" src=\"https:\/\/internationaux-strasbourg.fr\/wp-content\/uploads\/2026\/04\/fernandez.png\" alt=\"Photo de la joueuse\"\/><\/div><div class=\"player-details\"><div class=\"section\"><div class=\"info-group\"><div><div class=\"lib\">\u00c2ge<\/div><span>23<\/span><\/div><div><div class=\"lib\">Classement WTA<\/div><span>25<\/span><\/div><\/div><\/div><div class=\"section\"><div class=\"icon-group\"><div class=\"icon-container\"><i class=\"fas fa-flag\"><\/i><\/div><span>Canadienne<\/span><\/div><div class=\"icon-group\"><div class=\"icon-container\"><i class=\"fas fa-hand-paper\"><\/i><\/div><span>Gauch\u00e8re<\/span><\/div><\/div><div class=\"section participations\"><div class=\"info-group\"><div><div class=\"lib\">Participations aux IS : <\/div><span>2<\/span><\/div><\/div><div class=\"info-group note\"><div class=\"participation-note\">2024; 2025<\/div><\/div><\/div><\/div><\/div>\n\n\n\n<div style=\"height:17px\" aria-hidden=\"true\" class=\"wp-block-spacer\"><\/div>\n\n\n\n<h4 class=\"wp-block-heading\">Emma NAVARRO<\/h4>\n\n\n\n<div class=\"player-card\"><div class=\"player-photo\"><img decoding=\"async\" src=\"https:\/\/internationaux-strasbourg.fr\/wp-content\/uploads\/2026\/04\/emma-navarro.png\" alt=\"Photo de la joueuse\"\/><\/div><div class=\"player-details\"><div class=\"section\"><div class=\"info-group\"><div><div class=\"lib\">\u00c2ge<\/div><span>24<\/span><\/div><div><div class=\"lib\">Classement WTA<\/div><span>28<\/span><\/div><\/div><\/div><div class=\"section\"><div class=\"icon-group\"><div class=\"icon-container\"><i class=\"fas fa-flag\"><\/i><\/div><span>Am\u00e9ricaine<\/span><\/div><div class=\"icon-group\"><div class=\"icon-container\"><i class=\"fas fa-hand-paper\"><\/i><\/div><span>Droiti\u00e8re<\/span><\/div><\/div><div class=\"section participations\"><div class=\"info-group\"><div><div class=\"lib\">Participations aux IS : <\/div><span>3<\/span><\/div><\/div><div class=\"info-group note\"><div class=\"participation-note\">2023, 2024; 2025<\/div><\/div><\/div><\/div><\/div>\n\n\n\n<div style=\"height:17px\" aria-hidden=\"true\" class=\"wp-block-spacer\"><\/div>\n\n\n\n<h4 class=\"wp-block-heading\">Maya JOINT<\/h4>\n\n\n\n<div class=\"player-card\"><div class=\"player-photo\"><img decoding=\"async\" src=\"https:\/\/internationaux-strasbourg.fr\/wp-content\/uploads\/2026\/04\/maya-joint.png\" alt=\"Photo de la joueuse\"\/><\/div><div class=\"player-details\"><div class=\"section\"><div class=\"info-group\"><div><div class=\"lib\">\u00c2ge<\/div><span>20<\/span><\/div><div><div class=\"lib\">Classement WTA<\/div><span>29<\/span><\/div><\/div><\/div><div class=\"section\"><div class=\"icon-group\"><div class=\"icon-container\"><i class=\"fas fa-flag\"><\/i><\/div><span>Australienne<\/span><\/div><div class=\"icon-group\"><div class=\"icon-container\"><i class=\"fas fa-hand-paper\"><\/i><\/div><span>Droiti\u00e8re<\/span><\/div><\/div><\/div><\/div>\n\n\n\n<div style=\"height:17px\" aria-hidden=\"true\" class=\"wp-block-spacer\"><\/div>\n\n\n\n<h4 class=\"wp-block-heading\">Cristina BUCSA<\/h4>\n\n\n\n<div class=\"player-card\"><div class=\"player-photo\"><img decoding=\"async\" src=\"https:\/\/internationaux-strasbourg.fr\/wp-content\/uploads\/2026\/04\/bucsa.png\" alt=\"Photo de la joueuse\"\/><\/div><div class=\"player-details\"><div class=\"section\"><div class=\"info-group\"><div><div class=\"lib\">\u00c2ge<\/div><span>28<\/span><\/div><div><div class=\"lib\">Classement WTA<\/div><span>30<\/span><\/div><\/div><\/div><div class=\"section\"><div class=\"icon-group\"><div class=\"icon-container\"><i class=\"fas fa-flag\"><\/i><\/div><span>Espagnole<\/span><\/div><div class=\"icon-group\"><div class=\"icon-container\"><i class=\"fas fa-hand-paper\"><\/i><\/div><span>Droiti\u00e8re<\/span><\/div><\/div><div class=\"section participations\"><div class=\"info-group\"><div><div class=\"lib\">Participations aux IS : <\/div><span>3<\/span><\/div><\/div><div class=\"info-group note\"><div class=\"participation-note\">2023; 2024; 2025<\/div><\/div><\/div><\/div><\/div>\n\n\n\n<div style=\"height:17px\" aria-hidden=\"true\" class=\"wp-block-spacer\"><\/div>\n\n\n\n<h4 class=\"wp-block-heading\">Xinyu WANG<\/h4>\n\n\n\n<div class=\"player-card\"><div class=\"player-photo\"><img decoding=\"async\" src=\"https:\/\/internationaux-strasbourg.fr\/wp-content\/uploads\/2026\/04\/wang.png\" alt=\"Photo de la joueuse\"\/><\/div><div class=\"player-details\"><div class=\"section\"><div class=\"info-group\"><div><div class=\"lib\">\u00c2ge<\/div><span>24<\/span><\/div><div><div class=\"lib\">Classement WTA<\/div><span>31<\/span><\/div><\/div><\/div><div class=\"section\"><div class=\"icon-group\"><div class=\"icon-container\"><i class=\"fas fa-flag\"><\/i><\/div><span>chinoise<\/span><\/div><div class=\"icon-group\"><div class=\"icon-container\"><i class=\"fas fa-hand-paper\"><\/i><\/div><span>Droiti\u00e8re<\/span><\/div><\/div><div class=\"section participations\"><div class=\"info-group\"><div><div class=\"lib\">Participations aux IS : <\/div><span>3<\/span><\/div><\/div><div class=\"info-group note\"><div class=\"participation-note\">2023; 2024; 2025<\/div><\/div><\/div><\/div><\/div>\n\n\n\n<div style=\"height:17px\" aria-hidden=\"true\" class=\"wp-block-spacer\"><\/div>\n\n\n\n<h4 class=\"wp-block-heading\">Hailey BAPTISTE<\/h4>\n\n\n\n<div class=\"player-card\"><div class=\"player-photo\"><img decoding=\"async\" src=\"https:\/\/internationaux-strasbourg.fr\/wp-content\/uploads\/2026\/04\/hailey.png\" alt=\"Photo de la joueuse\"\/><\/div><div class=\"player-details\"><div class=\"section\"><div class=\"info-group\"><div><div class=\"lib\">\u00c2ge<\/div><span>24<\/span><\/div><div><div class=\"lib\">Classement WTA<\/div><span>32<\/span><\/div><\/div><\/div><div class=\"section\"><div class=\"icon-group\"><div class=\"icon-container\"><i class=\"fas fa-flag\"><\/i><\/div><span>Am\u00e9ricaine<\/span><\/div><div class=\"icon-group\"><div class=\"icon-container\"><i class=\"fas fa-hand-paper\"><\/i><\/div><span>Droiti\u00e8re<\/span><\/div><\/div><\/div><\/div>\n\n\n\n<div style=\"height:17px\" aria-hidden=\"true\" class=\"wp-block-spacer\"><\/div>\n\n\n\n<h4 class=\"wp-block-heading\">Jaqueline CRISTIAN<\/h4>\n\n\n\n<div class=\"player-card\"><div class=\"player-photo\"><img decoding=\"async\" src=\"https:\/\/internationaux-strasbourg.fr\/wp-content\/uploads\/2026\/04\/cristian.png\" alt=\"Photo de la joueuse\"\/><\/div><div class=\"player-details\"><div class=\"section\"><div class=\"info-group\"><div><div class=\"lib\">\u00c2ge<\/div><span>27<\/span><\/div><div><div class=\"lib\">Classement WTA<\/div><span>33<\/span><\/div><\/div><\/div><div class=\"section\"><div class=\"icon-group\"><div class=\"icon-container\"><i class=\"fas fa-flag\"><\/i><\/div><span>roumaine<\/span><\/div><div class=\"icon-group\"><div class=\"icon-container\"><i class=\"fas fa-hand-paper\"><\/i><\/div><span>Droiti\u00e8re<\/span><\/div><\/div><div class=\"section participations\"><div class=\"info-group\"><div><div class=\"lib\">Participations aux IS : <\/div><span>2<\/span><\/div><\/div><div class=\"info-group note\"><div class=\"participation-note\">2018; 2019<\/div><\/div><\/div><\/div><\/div>\n\n\n\n<div style=\"height:17px\" aria-hidden=\"true\" class=\"wp-block-spacer\"><\/div>\n\n\n\n<h4 class=\"wp-block-heading\">Ann LI<\/h4>\n\n\n\n<div class=\"player-card\"><div class=\"player-photo\"><img decoding=\"async\" src=\"https:\/\/internationaux-strasbourg.fr\/wp-content\/uploads\/2026\/04\/ann-li.png\" alt=\"Photo de la joueuse\"\/><\/div><div class=\"player-details\"><div class=\"section\"><div class=\"info-group\"><div><div class=\"lib\">\u00c2ge<\/div><span>25<\/span><\/div><div><div class=\"lib\">Classement WTA<\/div><span>34<\/span><\/div><\/div><\/div><div class=\"section\"><div class=\"icon-group\"><div class=\"icon-container\"><i class=\"fas fa-flag\"><\/i><\/div><span>Am\u00e9ricaine<\/span><\/div><div class=\"icon-group\"><div class=\"icon-container\"><i class=\"fas fa-hand-paper\"><\/i><\/div><span>Droiti\u00e8re<\/span><\/div><\/div><\/div><\/div>\n\n\n\n<div style=\"height:17px\" aria-hidden=\"true\" class=\"wp-block-spacer\"><\/div>\n\n\n\n<h4 class=\"wp-block-heading\">Sara BEJLEK<\/h4>\n\n\n\n<div class=\"player-card\"><div class=\"player-photo\"><img decoding=\"async\" src=\"https:\/\/internationaux-strasbourg.fr\/wp-content\/uploads\/2026\/04\/sara-bejlek.png\" alt=\"Photo de la joueuse\"\/><\/div><div class=\"player-details\"><div class=\"section\"><div class=\"info-group\"><div><div class=\"lib\">\u00c2ge<\/div><span>20<\/span><\/div><div><div class=\"lib\">Classement WTA<\/div><span>35<\/span><\/div><\/div><\/div><div class=\"section\"><div class=\"icon-group\"><div class=\"icon-container\"><i class=\"fas fa-flag\"><\/i><\/div><span>Tch\u00e8que<\/span><\/div><div class=\"icon-group\"><div class=\"icon-container\"><i class=\"fas fa-hand-paper\"><\/i><\/div><span>Gauch\u00e8re<\/span><\/div><\/div><\/div><\/div>\n\n\n\n<div style=\"height:17px\" aria-hidden=\"true\" class=\"wp-block-spacer\"><\/div>\n\n\n\n<h4 class=\"wp-block-heading\">Maria SAKKARI<\/h4>\n\n\n\n<div class=\"player-card\"><div class=\"player-photo\"><img decoding=\"async\" src=\"https:\/\/internationaux-strasbourg.fr\/wp-content\/uploads\/2026\/04\/sakkari.png\" alt=\"Photo de la joueuse\"\/><\/div><div class=\"player-details\"><div class=\"section\"><div class=\"info-group\"><div><div class=\"lib\">\u00c2ge<\/div><span>30<\/span><\/div><div><div class=\"lib\">Classement WTA<\/div><span>37<\/span><\/div><\/div><\/div><div class=\"section\"><div class=\"icon-group\"><div class=\"icon-container\"><i class=\"fas fa-flag\"><\/i><\/div><span>Grecque<\/span><\/div><div class=\"icon-group\"><div class=\"icon-container\"><i class=\"fas fa-hand-paper\"><\/i><\/div><span>Droiti\u00e8re<\/span><\/div><\/div><\/div><\/div>\n\n\n\n<div style=\"height:17px\" aria-hidden=\"true\" class=\"wp-block-spacer\"><\/div>\n\n\n\n<h4 class=\"wp-block-heading\">Magdalena FRECH<\/h4>\n\n\n\n<div class=\"player-card\"><div class=\"player-photo\"><img decoding=\"async\" src=\"https:\/\/internationaux-strasbourg.fr\/wp-content\/uploads\/2026\/04\/frech.png\" alt=\"Photo de la joueuse\"\/><\/div><div class=\"player-details\"><div class=\"section\"><div class=\"info-group\"><div><div class=\"lib\">\u00c2ge<\/div><span>28<\/span><\/div><div><div class=\"lib\">Classement WTA<\/div><span>38<\/span><\/div><\/div><\/div><div class=\"section\"><div class=\"icon-group\"><div class=\"icon-container\"><i class=\"fas fa-flag\"><\/i><\/div><span>Polonaise<\/span><\/div><div class=\"icon-group\"><div class=\"icon-container\"><i class=\"fas fa-hand-paper\"><\/i><\/div><span>Droiti\u00e8re<\/span><\/div><\/div><div class=\"section participations\"><div class=\"info-group\"><div><div class=\"lib\">Participations aux IS : <\/div><span>2<\/span><\/div><\/div><div class=\"info-group note\"><div class=\"participation-note\">2024; 2025<\/div><\/div><\/div><\/div><\/div>\n\n\n\n<div style=\"height:17px\" aria-hidden=\"true\" class=\"wp-block-spacer\"><\/div>\n\n\n\n<h4 class=\"wp-block-heading\">Elisabetta COCCIARETTO<\/h4>\n\n\n\n<div class=\"player-card\"><div class=\"player-photo\"><img decoding=\"async\" src=\"https:\/\/internationaux-strasbourg.fr\/wp-content\/uploads\/2026\/04\/3.png\" alt=\"Photo de la joueuse\"\/><\/div><div class=\"player-details\"><div class=\"section\"><div class=\"info-group\"><div><div class=\"lib\">\u00c2ge<\/div><span>25<\/span><\/div><div><div class=\"lib\">Classement WTA<\/div><span>41<\/span><\/div><\/div><\/div><div class=\"section\"><div class=\"icon-group\"><div class=\"icon-container\"><i class=\"fas fa-flag\"><\/i><\/div><span>Italienne<\/span><\/div><div class=\"icon-group\"><div class=\"icon-container\"><i class=\"fas fa-hand-paper\"><\/i><\/div><span>Droiti\u00e8re<\/span><\/div><\/div><\/div><\/div>\n","protected":false},"excerpt":{"rendered":"<p>Le plateau des joueuses des #IS26, inscrites au 20 avril 2026, a \u00e9t\u00e9 d\u00e9voil\u00e9 ! Il y aura encore quelques belles surprises avec l&rsquo;annonce des wild-cards, restez connect\u00e9s ! Pour cette 40\u00e8me \u00e9dition, un beau casting vous attend sur la terre battue du Tennis Club de Strasbourg. Les joueuses du Top 40 mondial seront au [&hellip;]<\/p>\n","protected":false},"author":2,"featured_media":3165,"comment_status":"open","ping_status":"open","sticky":false,"template":"","format":"standard","meta":{"footnotes":""},"categories":[72,57],"tags":[],"class_list":["post-3085","post","type-post","status-publish","format-standard","has-post-thumbnail","hentry","category-is26","category-joueuses"],"yoast_head":"<!-- This site is optimized with the Yoast SEO plugin v26.6 - https:\/\/yoast.com\/wordpress\/plugins\/seo\/ -->\n<title>Le plateau des joueuses 2026 - simple - INTERNATIONAUX DE STRASBOURG<\/title>\n<meta name=\"robots\" content=\"index, follow, max-snippet:-1, max-image-preview:large, max-video-preview:-1\" \/>\n<link rel=\"canonical\" href=\"https:\/\/internationaux-strasbourg.fr\/fr\/le-plateau-des-joueuses-2026-simple\/\" \/>\n<meta property=\"og:locale\" content=\"fr_FR\" \/>\n<meta property=\"og:type\" content=\"article\" \/>\n<meta property=\"og:title\" content=\"Le plateau des joueuses 2026 - simple - INTERNATIONAUX DE STRASBOURG\" \/>\n<meta property=\"og:description\" content=\"Le plateau des joueuses des #IS26, inscrites au 20 avril 2026, a \u00e9t\u00e9 d\u00e9voil\u00e9 ! Il y aura encore quelques belles surprises avec l&rsquo;annonce des wild-cards, restez connect\u00e9s ! Pour cette 40\u00e8me \u00e9dition, un beau casting vous attend sur la terre battue du Tennis Club de Strasbourg. Les joueuses du Top 40 mondial seront au [&hellip;]\" \/>\n<meta property=\"og:url\" content=\"https:\/\/internationaux-strasbourg.fr\/fr\/le-plateau-des-joueuses-2026-simple\/\" \/>\n<meta property=\"og:site_name\" content=\"INTERNATIONAUX DE STRASBOURG\" \/>\n<meta property=\"article:publisher\" content=\"https:\/\/www.facebook.com\/INTERNATIONAUXSTRASBOURG\/\" \/>\n<meta property=\"article:published_time\" content=\"2026-04-28T09:04:51+00:00\" \/>\n<meta property=\"article:modified_time\" content=\"2026-04-28T09:44:40+00:00\" \/>\n<meta property=\"og:image\" content=\"https:\/\/internationaux-strasbourg.fr\/wp-content\/uploads\/2026\/04\/plateau.jpg\" \/>\n\t<meta property=\"og:image:width\" content=\"1400\" \/>\n\t<meta property=\"og:image:height\" content=\"1400\" \/>\n\t<meta property=\"og:image:type\" content=\"image\/jpeg\" \/>\n<meta name=\"author\" content=\"Louise Amrhein\" \/>\n<meta name=\"twitter:card\" content=\"summary_large_image\" \/>\n<meta name=\"twitter:creator\" content=\"@WTA_Strasbourg\" \/>\n<meta name=\"twitter:site\" content=\"@WTA_Strasbourg\" \/>\n<meta name=\"twitter:label1\" content=\"\u00c9crit par\" \/>\n\t<meta name=\"twitter:data1\" content=\"Louise Amrhein\" \/>\n\t<meta name=\"twitter:label2\" content=\"Dur\u00e9e de lecture estim\u00e9e\" \/>\n\t<meta name=\"twitter:data2\" content=\"6 minutes\" \/>\n<script type=\"application\/ld+json\" class=\"yoast-schema-graph\">{\"@context\":\"https:\/\/schema.org\",\"@graph\":[{\"@type\":\"Article\",\"@id\":\"https:\/\/internationaux-strasbourg.fr\/fr\/le-plateau-des-joueuses-2026-simple\/#article\",\"isPartOf\":{\"@id\":\"https:\/\/internationaux-strasbourg.fr\/fr\/le-plateau-des-joueuses-2026-simple\/\"},\"author\":{\"name\":\"Louise Amrhein\",\"@id\":\"https:\/\/internationaux-strasbourg.fr\/fr\/#\/schema\/person\/d5889e58edd157e13536997b1b801a41\"},\"headline\":\"Le plateau des joueuses 2026 &#8211; simple\",\"datePublished\":\"2026-04-28T09:04:51+00:00\",\"dateModified\":\"2026-04-28T09:44:40+00:00\",\"mainEntityOfPage\":{\"@id\":\"https:\/\/internationaux-strasbourg.fr\/fr\/le-plateau-des-joueuses-2026-simple\/\"},\"wordCount\":287,\"commentCount\":0,\"publisher\":{\"@id\":\"https:\/\/internationaux-strasbourg.fr\/fr\/#organization\"},\"image\":{\"@id\":\"https:\/\/internationaux-strasbourg.fr\/fr\/le-plateau-des-joueuses-2026-simple\/#primaryimage\"},\"thumbnailUrl\":\"https:\/\/internationaux-strasbourg.fr\/wp-content\/uploads\/2026\/04\/plateau.jpg\",\"articleSection\":[\"IS26\",\"Joueuses\"],\"inLanguage\":\"fr-FR\",\"potentialAction\":[{\"@type\":\"CommentAction\",\"name\":\"Comment\",\"target\":[\"https:\/\/internationaux-strasbourg.fr\/fr\/le-plateau-des-joueuses-2026-simple\/#respond\"]}]},{\"@type\":\"WebPage\",\"@id\":\"https:\/\/internationaux-strasbourg.fr\/fr\/le-plateau-des-joueuses-2026-simple\/\",\"url\":\"https:\/\/internationaux-strasbourg.fr\/fr\/le-plateau-des-joueuses-2026-simple\/\",\"name\":\"Le plateau des joueuses 2026 - simple - INTERNATIONAUX DE STRASBOURG\",\"isPartOf\":{\"@id\":\"https:\/\/internationaux-strasbourg.fr\/fr\/#website\"},\"primaryImageOfPage\":{\"@id\":\"https:\/\/internationaux-strasbourg.fr\/fr\/le-plateau-des-joueuses-2026-simple\/#primaryimage\"},\"image\":{\"@id\":\"https:\/\/internationaux-strasbourg.fr\/fr\/le-plateau-des-joueuses-2026-simple\/#primaryimage\"},\"thumbnailUrl\":\"https:\/\/internationaux-strasbourg.fr\/wp-content\/uploads\/2026\/04\/plateau.jpg\",\"datePublished\":\"2026-04-28T09:04:51+00:00\",\"dateModified\":\"2026-04-28T09:44:40+00:00\",\"breadcrumb\":{\"@id\":\"https:\/\/internationaux-strasbourg.fr\/fr\/le-plateau-des-joueuses-2026-simple\/#breadcrumb\"},\"inLanguage\":\"fr-FR\",\"potentialAction\":[{\"@type\":\"ReadAction\",\"target\":[\"https:\/\/internationaux-strasbourg.fr\/fr\/le-plateau-des-joueuses-2026-simple\/\"]}]},{\"@type\":\"ImageObject\",\"inLanguage\":\"fr-FR\",\"@id\":\"https:\/\/internationaux-strasbourg.fr\/fr\/le-plateau-des-joueuses-2026-simple\/#primaryimage\",\"url\":\"https:\/\/internationaux-strasbourg.fr\/wp-content\/uploads\/2026\/04\/plateau.jpg\",\"contentUrl\":\"https:\/\/internationaux-strasbourg.fr\/wp-content\/uploads\/2026\/04\/plateau.jpg\",\"width\":1400,\"height\":1400},{\"@type\":\"BreadcrumbList\",\"@id\":\"https:\/\/internationaux-strasbourg.fr\/fr\/le-plateau-des-joueuses-2026-simple\/#breadcrumb\",\"itemListElement\":[{\"@type\":\"ListItem\",\"position\":1,\"name\":\"Home\",\"item\":\"https:\/\/internationaux-strasbourg.fr\/fr\/\"},{\"@type\":\"ListItem\",\"position\":2,\"name\":\"Le plateau des joueuses 2026 &#8211; simple\"}]},{\"@type\":\"WebSite\",\"@id\":\"https:\/\/internationaux-strasbourg.fr\/fr\/#website\",\"url\":\"https:\/\/internationaux-strasbourg.fr\/fr\/\",\"name\":\"Internationaux de Strasbourg\",\"description\":\"\",\"publisher\":{\"@id\":\"https:\/\/internationaux-strasbourg.fr\/fr\/#organization\"},\"potentialAction\":[{\"@type\":\"SearchAction\",\"target\":{\"@type\":\"EntryPoint\",\"urlTemplate\":\"https:\/\/internationaux-strasbourg.fr\/fr\/?s={search_term_string}\"},\"query-input\":{\"@type\":\"PropertyValueSpecification\",\"valueRequired\":true,\"valueName\":\"search_term_string\"}}],\"inLanguage\":\"fr-FR\"},{\"@type\":\"Organization\",\"@id\":\"https:\/\/internationaux-strasbourg.fr\/fr\/#organization\",\"name\":\"Internationaux de Strasbourg\",\"url\":\"https:\/\/internationaux-strasbourg.fr\/fr\/\",\"logo\":{\"@type\":\"ImageObject\",\"inLanguage\":\"fr-FR\",\"@id\":\"https:\/\/internationaux-strasbourg.fr\/fr\/#\/schema\/logo\/image\/\",\"url\":\"http:\/\/is.local\/wp-content\/uploads\/2024\/12\/Logo-composite-noir-e1734341181451.png\",\"contentUrl\":\"http:\/\/is.local\/wp-content\/uploads\/2024\/12\/Logo-composite-noir-e1734341181451.png\",\"width\":300,\"height\":103,\"caption\":\"Internationaux de Strasbourg\"},\"image\":{\"@id\":\"https:\/\/internationaux-strasbourg.fr\/fr\/#\/schema\/logo\/image\/\"},\"sameAs\":[\"https:\/\/www.facebook.com\/INTERNATIONAUXSTRASBOURG\/\",\"https:\/\/x.com\/WTA_Strasbourg\",\"https:\/\/www.instagram.com\/WTA_Strasbourg\",\"https:\/\/www.youtube.com\/user\/istennis2014\",\"https:\/\/www.linkedin.com\/showcase\/internationaux-de-strasbourg\/\"]},{\"@type\":\"Person\",\"@id\":\"https:\/\/internationaux-strasbourg.fr\/fr\/#\/schema\/person\/d5889e58edd157e13536997b1b801a41\",\"name\":\"Louise Amrhein\",\"image\":{\"@type\":\"ImageObject\",\"inLanguage\":\"fr-FR\",\"@id\":\"https:\/\/internationaux-strasbourg.fr\/fr\/#\/schema\/person\/image\/\",\"url\":\"https:\/\/secure.gravatar.com\/avatar\/30325482734a0af888c35bd53c26239119e41d44f2d3f6bc1491c3575171fcda?s=96&d=mm&r=g\",\"contentUrl\":\"https:\/\/secure.gravatar.com\/avatar\/30325482734a0af888c35bd53c26239119e41d44f2d3f6bc1491c3575171fcda?s=96&d=mm&r=g\",\"caption\":\"Louise Amrhein\"},\"url\":\"https:\/\/internationaux-strasbourg.fr\/fr\/author\/louise\/\"}]}<\/script>\n<!-- \/ Yoast SEO plugin. -->","yoast_head_json":{"title":"Le plateau des joueuses 2026 - simple - INTERNATIONAUX DE STRASBOURG","robots":{"index":"index","follow":"follow","max-snippet":"max-snippet:-1","max-image-preview":"max-image-preview:large","max-video-preview":"max-video-preview:-1"},"canonical":"https:\/\/internationaux-strasbourg.fr\/fr\/le-plateau-des-joueuses-2026-simple\/","og_locale":"fr_FR","og_type":"article","og_title":"Le plateau des joueuses 2026 - simple - INTERNATIONAUX DE STRASBOURG","og_description":"Le plateau des joueuses des #IS26, inscrites au 20 avril 2026, a \u00e9t\u00e9 d\u00e9voil\u00e9 ! Il y aura encore quelques belles surprises avec l&rsquo;annonce des wild-cards, restez connect\u00e9s ! Pour cette 40\u00e8me \u00e9dition, un beau casting vous attend sur la terre battue du Tennis Club de Strasbourg. Les joueuses du Top 40 mondial seront au [&hellip;]","og_url":"https:\/\/internationaux-strasbourg.fr\/fr\/le-plateau-des-joueuses-2026-simple\/","og_site_name":"INTERNATIONAUX DE STRASBOURG","article_publisher":"https:\/\/www.facebook.com\/INTERNATIONAUXSTRASBOURG\/","article_published_time":"2026-04-28T09:04:51+00:00","article_modified_time":"2026-04-28T09:44:40+00:00","og_image":[{"width":1400,"height":1400,"url":"https:\/\/internationaux-strasbourg.fr\/wp-content\/uploads\/2026\/04\/plateau.jpg","type":"image\/jpeg"}],"author":"Louise Amrhein","twitter_card":"summary_large_image","twitter_creator":"@WTA_Strasbourg","twitter_site":"@WTA_Strasbourg","twitter_misc":{"\u00c9crit par":"Louise Amrhein","Dur\u00e9e de lecture estim\u00e9e":"6 minutes"},"schema":{"@context":"https:\/\/schema.org","@graph":[{"@type":"Article","@id":"https:\/\/internationaux-strasbourg.fr\/fr\/le-plateau-des-joueuses-2026-simple\/#article","isPartOf":{"@id":"https:\/\/internationaux-strasbourg.fr\/fr\/le-plateau-des-joueuses-2026-simple\/"},"author":{"name":"Louise Amrhein","@id":"https:\/\/internationaux-strasbourg.fr\/fr\/#\/schema\/person\/d5889e58edd157e13536997b1b801a41"},"headline":"Le plateau des joueuses 2026 &#8211; simple","datePublished":"2026-04-28T09:04:51+00:00","dateModified":"2026-04-28T09:44:40+00:00","mainEntityOfPage":{"@id":"https:\/\/internationaux-strasbourg.fr\/fr\/le-plateau-des-joueuses-2026-simple\/"},"wordCount":287,"commentCount":0,"publisher":{"@id":"https:\/\/internationaux-strasbourg.fr\/fr\/#organization"},"image":{"@id":"https:\/\/internationaux-strasbourg.fr\/fr\/le-plateau-des-joueuses-2026-simple\/#primaryimage"},"thumbnailUrl":"https:\/\/internationaux-strasbourg.fr\/wp-content\/uploads\/2026\/04\/plateau.jpg","articleSection":["IS26","Joueuses"],"inLanguage":"fr-FR","potentialAction":[{"@type":"CommentAction","name":"Comment","target":["https:\/\/internationaux-strasbourg.fr\/fr\/le-plateau-des-joueuses-2026-simple\/#respond"]}]},{"@type":"WebPage","@id":"https:\/\/internationaux-strasbourg.fr\/fr\/le-plateau-des-joueuses-2026-simple\/","url":"https:\/\/internationaux-strasbourg.fr\/fr\/le-plateau-des-joueuses-2026-simple\/","name":"Le plateau des joueuses 2026 - simple - INTERNATIONAUX DE STRASBOURG","isPartOf":{"@id":"https:\/\/internationaux-strasbourg.fr\/fr\/#website"},"primaryImageOfPage":{"@id":"https:\/\/internationaux-strasbourg.fr\/fr\/le-plateau-des-joueuses-2026-simple\/#primaryimage"},"image":{"@id":"https:\/\/internationaux-strasbourg.fr\/fr\/le-plateau-des-joueuses-2026-simple\/#primaryimage"},"thumbnailUrl":"https:\/\/internationaux-strasbourg.fr\/wp-content\/uploads\/2026\/04\/plateau.jpg","datePublished":"2026-04-28T09:04:51+00:00","dateModified":"2026-04-28T09:44:40+00:00","breadcrumb":{"@id":"https:\/\/internationaux-strasbourg.fr\/fr\/le-plateau-des-joueuses-2026-simple\/#breadcrumb"},"inLanguage":"fr-FR","potentialAction":[{"@type":"ReadAction","target":["https:\/\/internationaux-strasbourg.fr\/fr\/le-plateau-des-joueuses-2026-simple\/"]}]},{"@type":"ImageObject","inLanguage":"fr-FR","@id":"https:\/\/internationaux-strasbourg.fr\/fr\/le-plateau-des-joueuses-2026-simple\/#primaryimage","url":"https:\/\/internationaux-strasbourg.fr\/wp-content\/uploads\/2026\/04\/plateau.jpg","contentUrl":"https:\/\/internationaux-strasbourg.fr\/wp-content\/uploads\/2026\/04\/plateau.jpg","width":1400,"height":1400},{"@type":"BreadcrumbList","@id":"https:\/\/internationaux-strasbourg.fr\/fr\/le-plateau-des-joueuses-2026-simple\/#breadcrumb","itemListElement":[{"@type":"ListItem","position":1,"name":"Home","item":"https:\/\/internationaux-strasbourg.fr\/fr\/"},{"@type":"ListItem","position":2,"name":"Le plateau des joueuses 2026 &#8211; simple"}]},{"@type":"WebSite","@id":"https:\/\/internationaux-strasbourg.fr\/fr\/#website","url":"https:\/\/internationaux-strasbourg.fr\/fr\/","name":"Internationaux de Strasbourg","description":"","publisher":{"@id":"https:\/\/internationaux-strasbourg.fr\/fr\/#organization"},"potentialAction":[{"@type":"SearchAction","target":{"@type":"EntryPoint","urlTemplate":"https:\/\/internationaux-strasbourg.fr\/fr\/?s={search_term_string}"},"query-input":{"@type":"PropertyValueSpecification","valueRequired":true,"valueName":"search_term_string"}}],"inLanguage":"fr-FR"},{"@type":"Organization","@id":"https:\/\/internationaux-strasbourg.fr\/fr\/#organization","name":"Internationaux de Strasbourg","url":"https:\/\/internationaux-strasbourg.fr\/fr\/","logo":{"@type":"ImageObject","inLanguage":"fr-FR","@id":"https:\/\/internationaux-strasbourg.fr\/fr\/#\/schema\/logo\/image\/","url":"http:\/\/is.local\/wp-content\/uploads\/2024\/12\/Logo-composite-noir-e1734341181451.png","contentUrl":"http:\/\/is.local\/wp-content\/uploads\/2024\/12\/Logo-composite-noir-e1734341181451.png","width":300,"height":103,"caption":"Internationaux de Strasbourg"},"image":{"@id":"https:\/\/internationaux-strasbourg.fr\/fr\/#\/schema\/logo\/image\/"},"sameAs":["https:\/\/www.facebook.com\/INTERNATIONAUXSTRASBOURG\/","https:\/\/x.com\/WTA_Strasbourg","https:\/\/www.instagram.com\/WTA_Strasbourg","https:\/\/www.youtube.com\/user\/istennis2014","https:\/\/www.linkedin.com\/showcase\/internationaux-de-strasbourg\/"]},{"@type":"Person","@id":"https:\/\/internationaux-strasbourg.fr\/fr\/#\/schema\/person\/d5889e58edd157e13536997b1b801a41","name":"Louise Amrhein","image":{"@type":"ImageObject","inLanguage":"fr-FR","@id":"https:\/\/internationaux-strasbourg.fr\/fr\/#\/schema\/person\/image\/","url":"https:\/\/secure.gravatar.com\/avatar\/30325482734a0af888c35bd53c26239119e41d44f2d3f6bc1491c3575171fcda?s=96&d=mm&r=g","contentUrl":"https:\/\/secure.gravatar.com\/avatar\/30325482734a0af888c35bd53c26239119e41d44f2d3f6bc1491c3575171fcda?s=96&d=mm&r=g","caption":"Louise Amrhein"},"url":"https:\/\/internationaux-strasbourg.fr\/fr\/author\/louise\/"}]}},"_links":{"self":[{"href":"https:\/\/internationaux-strasbourg.fr\/fr\/wp-json\/wp\/v2\/posts\/3085","targetHints":{"allow":["GET"]}}],"collection":[{"href":"https:\/\/internationaux-strasbourg.fr\/fr\/wp-json\/wp\/v2\/posts"}],"about":[{"href":"https:\/\/internationaux-strasbourg.fr\/fr\/wp-json\/wp\/v2\/types\/post"}],"author":[{"embeddable":true,"href":"https:\/\/internationaux-strasbourg.fr\/fr\/wp-json\/wp\/v2\/users\/2"}],"replies":[{"embeddable":true,"href":"https:\/\/internationaux-strasbourg.fr\/fr\/wp-json\/wp\/v2\/comments?post=3085"}],"version-history":[{"count":15,"href":"https:\/\/internationaux-strasbourg.fr\/fr\/wp-json\/wp\/v2\/posts\/3085\/revisions"}],"predecessor-version":[{"id":3169,"href":"https:\/\/internationaux-strasbourg.fr\/fr\/wp-json\/wp\/v2\/posts\/3085\/revisions\/3169"}],"wp:featuredmedia":[{"embeddable":true,"href":"https:\/\/internationaux-strasbourg.fr\/fr\/wp-json\/wp\/v2\/media\/3165"}],"wp:attachment":[{"href":"https:\/\/internationaux-strasbourg.fr\/fr\/wp-json\/wp\/v2\/media?parent=3085"}],"wp:term":[{"taxonomy":"category","embeddable":true,"href":"https:\/\/internationaux-strasbourg.fr\/fr\/wp-json\/wp\/v2\/categories?post=3085"},{"taxonomy":"post_tag","embeddable":true,"href":"https:\/\/internationaux-strasbourg.fr\/fr\/wp-json\/wp\/v2\/tags?post=3085"}],"curies":[{"name":"wp","href":"https:\/\/api.w.org\/{rel}","templated":true}]}}