{"id":3079,"date":"2026-04-27T07:51:55","date_gmt":"2026-04-27T07:51:55","guid":{"rendered":"https:\/\/internationaux-strasbourg.fr\/?p=3079"},"modified":"2026-04-27T07:51:57","modified_gmt":"2026-04-27T07:51:57","slug":"offre-women-20-le-jeudi","status":"publish","type":"post","link":"https:\/\/internationaux-strasbourg.fr\/fr\/offre-women-20-le-jeudi\/","title":{"rendered":"Offre women : -20% le jeudi !"},"content":{"rendered":"\n<p>\ud83e\udde1 Une journ\u00e9e d\u00e9di\u00e9e aux femmes aux Internationaux de Strasbourg !<\/p>\n\n\n\n<p>Comme chaque ann\u00e9e, le jeudi de la semaine du tournoi met les femmes \u00e0 l\u2019honneur. Un rendez-vous fort, en parfaite ad\u00e9quation avec l\u2019ADN des Internationaux de Strasbourg, pr\u00e9sent\u00e9s par Mammotion, qui placent l\u2019engagement f\u00e9minin au c\u0153ur de chaque \u00e9dition.<\/p>\n\n\n\n<p>Le jeudi 21 mai, profitez d\u2019une offre exclusive pens\u00e9e sp\u00e9cialement pour vous :<\/p>\n\n\n\n<p><strong><mark style=\"background-color:rgba(0, 0, 0, 0)\" class=\"has-inline-color has-custom-violet-color\">-20 % sur vos billets, toutes cat\u00e9gories confondues <\/mark><\/strong><\/p>\n\n\n\n<p>Pour en b\u00e9n\u00e9ficier, rien de plus simple :<br>Rendez-vous sur <a href=\"https:\/\/www.billetweb.fr\/pro\/wtastrasbourg2026https:\/\/www.billetweb.fr\/pro\/wtastrasbourg2026\" target=\"_blank\" rel=\"noreferrer noopener\">la billetterie des #IS26<\/a>, s\u00e9lectionnez votre session, puis saisissez le code promotionnel <strong><mark style=\"background-color:rgba(0, 0, 0, 0)\" class=\"has-inline-color has-custom-violet-color\">IS26WOMEN<\/mark><\/strong> au moment de finaliser votre commande.<\/p>\n\n\n\n<p>Attention, le tournoi approche \u00e0 grands pas : ne tardez pas \u00e0 r\u00e9server votre place pour vivre cette journ\u00e9e de c\u00e9l\u00e9bration du tennis f\u00e9minin ! <\/p>\n\n\n\n<p><\/p>\n","protected":false},"excerpt":{"rendered":"<p>\ud83e\udde1 Une journ\u00e9e d\u00e9di\u00e9e aux femmes aux Internationaux de Strasbourg ! Comme chaque ann\u00e9e, le jeudi de la semaine du tournoi met les femmes \u00e0 l\u2019honneur. Un rendez-vous fort, en parfaite ad\u00e9quation avec l\u2019ADN des Internationaux de Strasbourg, pr\u00e9sent\u00e9s par Mammotion, qui placent l\u2019engagement f\u00e9minin au c\u0153ur de chaque \u00e9dition. Le jeudi 21 mai, profitez [&hellip;]<\/p>\n","protected":false},"author":2,"featured_media":3083,"comment_status":"open","ping_status":"open","sticky":false,"template":"","format":"standard","meta":{"footnotes":""},"categories":[72,41],"tags":[69,54,74,75],"class_list":["post-3079","post","type-post","status-publish","format-standard","has-post-thumbnail","hentry","category-is26","category-promotions","tag-is26","tag-offre","tag-promotion","tag-women"],"yoast_head":"<!-- This site is optimized with the Yoast SEO plugin v26.6 - https:\/\/yoast.com\/wordpress\/plugins\/seo\/ -->\n<title>Offre women : -20% le jeudi ! - INTERNATIONAUX DE STRASBOURG<\/title>\n<meta name=\"robots\" content=\"index, follow, max-snippet:-1, max-image-preview:large, max-video-preview:-1\" \/>\n<link rel=\"canonical\" href=\"https:\/\/internationaux-strasbourg.fr\/fr\/offre-women-20-le-jeudi\/\" \/>\n<meta property=\"og:locale\" content=\"fr_FR\" \/>\n<meta property=\"og:type\" content=\"article\" \/>\n<meta property=\"og:title\" content=\"Offre women : -20% le jeudi ! - INTERNATIONAUX DE STRASBOURG\" \/>\n<meta property=\"og:description\" content=\"\ud83e\udde1 Une journ\u00e9e d\u00e9di\u00e9e aux femmes aux Internationaux de Strasbourg ! Comme chaque ann\u00e9e, le jeudi de la semaine du tournoi met les femmes \u00e0 l\u2019honneur. Un rendez-vous fort, en parfaite ad\u00e9quation avec l\u2019ADN des Internationaux de Strasbourg, pr\u00e9sent\u00e9s par Mammotion, qui placent l\u2019engagement f\u00e9minin au c\u0153ur de chaque \u00e9dition. Le jeudi 21 mai, profitez [&hellip;]\" \/>\n<meta property=\"og:url\" content=\"https:\/\/internationaux-strasbourg.fr\/fr\/offre-women-20-le-jeudi\/\" \/>\n<meta property=\"og:site_name\" content=\"INTERNATIONAUX DE STRASBOURG\" \/>\n<meta property=\"article:publisher\" content=\"https:\/\/www.facebook.com\/INTERNATIONAUXSTRASBOURG\/\" \/>\n<meta property=\"article:published_time\" content=\"2026-04-27T07:51:55+00:00\" \/>\n<meta property=\"article:modified_time\" content=\"2026-04-27T07:51:57+00:00\" \/>\n<meta property=\"og:image\" content=\"https:\/\/internationaux-strasbourg.fr\/wp-content\/uploads\/2026\/04\/women.jpg\" \/>\n\t<meta property=\"og:image:width\" content=\"1400\" \/>\n\t<meta property=\"og:image:height\" content=\"1400\" \/>\n\t<meta property=\"og:image:type\" content=\"image\/jpeg\" \/>\n<meta name=\"author\" content=\"Louise Amrhein\" \/>\n<meta name=\"twitter:card\" content=\"summary_large_image\" \/>\n<meta name=\"twitter:creator\" content=\"@WTA_Strasbourg\" \/>\n<meta name=\"twitter:site\" content=\"@WTA_Strasbourg\" \/>\n<meta name=\"twitter:label1\" content=\"\u00c9crit par\" \/>\n\t<meta name=\"twitter:data1\" content=\"Louise Amrhein\" \/>\n\t<meta name=\"twitter:label2\" content=\"Dur\u00e9e de lecture estim\u00e9e\" \/>\n\t<meta name=\"twitter:data2\" content=\"1 minute\" \/>\n<script type=\"application\/ld+json\" class=\"yoast-schema-graph\">{\"@context\":\"https:\/\/schema.org\",\"@graph\":[{\"@type\":\"Article\",\"@id\":\"https:\/\/internationaux-strasbourg.fr\/fr\/offre-women-20-le-jeudi\/#article\",\"isPartOf\":{\"@id\":\"https:\/\/internationaux-strasbourg.fr\/fr\/offre-women-20-le-jeudi\/\"},\"author\":{\"name\":\"Louise Amrhein\",\"@id\":\"https:\/\/internationaux-strasbourg.fr\/fr\/#\/schema\/person\/d5889e58edd157e13536997b1b801a41\"},\"headline\":\"Offre women : -20% le jeudi !\",\"datePublished\":\"2026-04-27T07:51:55+00:00\",\"dateModified\":\"2026-04-27T07:51:57+00:00\",\"mainEntityOfPage\":{\"@id\":\"https:\/\/internationaux-strasbourg.fr\/fr\/offre-women-20-le-jeudi\/\"},\"wordCount\":144,\"commentCount\":0,\"publisher\":{\"@id\":\"https:\/\/internationaux-strasbourg.fr\/fr\/#organization\"},\"image\":{\"@id\":\"https:\/\/internationaux-strasbourg.fr\/fr\/offre-women-20-le-jeudi\/#primaryimage\"},\"thumbnailUrl\":\"https:\/\/internationaux-strasbourg.fr\/wp-content\/uploads\/2026\/04\/women.jpg\",\"keywords\":[\"IS26\",\"Offre\",\"promotion\",\"women\"],\"articleSection\":[\"IS26\",\"Promotions\"],\"inLanguage\":\"fr-FR\",\"potentialAction\":[{\"@type\":\"CommentAction\",\"name\":\"Comment\",\"target\":[\"https:\/\/internationaux-strasbourg.fr\/fr\/offre-women-20-le-jeudi\/#respond\"]}]},{\"@type\":\"WebPage\",\"@id\":\"https:\/\/internationaux-strasbourg.fr\/fr\/offre-women-20-le-jeudi\/\",\"url\":\"https:\/\/internationaux-strasbourg.fr\/fr\/offre-women-20-le-jeudi\/\",\"name\":\"Offre women : -20% le jeudi ! - INTERNATIONAUX DE STRASBOURG\",\"isPartOf\":{\"@id\":\"https:\/\/internationaux-strasbourg.fr\/fr\/#website\"},\"primaryImageOfPage\":{\"@id\":\"https:\/\/internationaux-strasbourg.fr\/fr\/offre-women-20-le-jeudi\/#primaryimage\"},\"image\":{\"@id\":\"https:\/\/internationaux-strasbourg.fr\/fr\/offre-women-20-le-jeudi\/#primaryimage\"},\"thumbnailUrl\":\"https:\/\/internationaux-strasbourg.fr\/wp-content\/uploads\/2026\/04\/women.jpg\",\"datePublished\":\"2026-04-27T07:51:55+00:00\",\"dateModified\":\"2026-04-27T07:51:57+00:00\",\"breadcrumb\":{\"@id\":\"https:\/\/internationaux-strasbourg.fr\/fr\/offre-women-20-le-jeudi\/#breadcrumb\"},\"inLanguage\":\"fr-FR\",\"potentialAction\":[{\"@type\":\"ReadAction\",\"target\":[\"https:\/\/internationaux-strasbourg.fr\/fr\/offre-women-20-le-jeudi\/\"]}]},{\"@type\":\"ImageObject\",\"inLanguage\":\"fr-FR\",\"@id\":\"https:\/\/internationaux-strasbourg.fr\/fr\/offre-women-20-le-jeudi\/#primaryimage\",\"url\":\"https:\/\/internationaux-strasbourg.fr\/wp-content\/uploads\/2026\/04\/women.jpg\",\"contentUrl\":\"https:\/\/internationaux-strasbourg.fr\/wp-content\/uploads\/2026\/04\/women.jpg\",\"width\":1400,\"height\":1400},{\"@type\":\"BreadcrumbList\",\"@id\":\"https:\/\/internationaux-strasbourg.fr\/fr\/offre-women-20-le-jeudi\/#breadcrumb\",\"itemListElement\":[{\"@type\":\"ListItem\",\"position\":1,\"name\":\"Home\",\"item\":\"https:\/\/internationaux-strasbourg.fr\/fr\/\"},{\"@type\":\"ListItem\",\"position\":2,\"name\":\"Offre women : -20% le jeudi !\"}]},{\"@type\":\"WebSite\",\"@id\":\"https:\/\/internationaux-strasbourg.fr\/fr\/#website\",\"url\":\"https:\/\/internationaux-strasbourg.fr\/fr\/\",\"name\":\"Internationaux de Strasbourg\",\"description\":\"\",\"publisher\":{\"@id\":\"https:\/\/internationaux-strasbourg.fr\/fr\/#organization\"},\"potentialAction\":[{\"@type\":\"SearchAction\",\"target\":{\"@type\":\"EntryPoint\",\"urlTemplate\":\"https:\/\/internationaux-strasbourg.fr\/fr\/?s={search_term_string}\"},\"query-input\":{\"@type\":\"PropertyValueSpecification\",\"valueRequired\":true,\"valueName\":\"search_term_string\"}}],\"inLanguage\":\"fr-FR\"},{\"@type\":\"Organization\",\"@id\":\"https:\/\/internationaux-strasbourg.fr\/fr\/#organization\",\"name\":\"Internationaux de Strasbourg\",\"url\":\"https:\/\/internationaux-strasbourg.fr\/fr\/\",\"logo\":{\"@type\":\"ImageObject\",\"inLanguage\":\"fr-FR\",\"@id\":\"https:\/\/internationaux-strasbourg.fr\/fr\/#\/schema\/logo\/image\/\",\"url\":\"http:\/\/is.local\/wp-content\/uploads\/2024\/12\/Logo-composite-noir-e1734341181451.png\",\"contentUrl\":\"http:\/\/is.local\/wp-content\/uploads\/2024\/12\/Logo-composite-noir-e1734341181451.png\",\"width\":300,\"height\":103,\"caption\":\"Internationaux de Strasbourg\"},\"image\":{\"@id\":\"https:\/\/internationaux-strasbourg.fr\/fr\/#\/schema\/logo\/image\/\"},\"sameAs\":[\"https:\/\/www.facebook.com\/INTERNATIONAUXSTRASBOURG\/\",\"https:\/\/x.com\/WTA_Strasbourg\",\"https:\/\/www.instagram.com\/WTA_Strasbourg\",\"https:\/\/www.youtube.com\/user\/istennis2014\",\"https:\/\/www.linkedin.com\/showcase\/internationaux-de-strasbourg\/\"]},{\"@type\":\"Person\",\"@id\":\"https:\/\/internationaux-strasbourg.fr\/fr\/#\/schema\/person\/d5889e58edd157e13536997b1b801a41\",\"name\":\"Louise Amrhein\",\"image\":{\"@type\":\"ImageObject\",\"inLanguage\":\"fr-FR\",\"@id\":\"https:\/\/internationaux-strasbourg.fr\/fr\/#\/schema\/person\/image\/\",\"url\":\"https:\/\/secure.gravatar.com\/avatar\/30325482734a0af888c35bd53c26239119e41d44f2d3f6bc1491c3575171fcda?s=96&d=mm&r=g\",\"contentUrl\":\"https:\/\/secure.gravatar.com\/avatar\/30325482734a0af888c35bd53c26239119e41d44f2d3f6bc1491c3575171fcda?s=96&d=mm&r=g\",\"caption\":\"Louise Amrhein\"},\"url\":\"https:\/\/internationaux-strasbourg.fr\/fr\/author\/louise\/\"}]}<\/script>\n<!-- \/ Yoast SEO plugin. -->","yoast_head_json":{"title":"Offre women : -20% le jeudi ! - INTERNATIONAUX DE STRASBOURG","robots":{"index":"index","follow":"follow","max-snippet":"max-snippet:-1","max-image-preview":"max-image-preview:large","max-video-preview":"max-video-preview:-1"},"canonical":"https:\/\/internationaux-strasbourg.fr\/fr\/offre-women-20-le-jeudi\/","og_locale":"fr_FR","og_type":"article","og_title":"Offre women : -20% le jeudi ! - INTERNATIONAUX DE STRASBOURG","og_description":"\ud83e\udde1 Une journ\u00e9e d\u00e9di\u00e9e aux femmes aux Internationaux de Strasbourg ! Comme chaque ann\u00e9e, le jeudi de la semaine du tournoi met les femmes \u00e0 l\u2019honneur. Un rendez-vous fort, en parfaite ad\u00e9quation avec l\u2019ADN des Internationaux de Strasbourg, pr\u00e9sent\u00e9s par Mammotion, qui placent l\u2019engagement f\u00e9minin au c\u0153ur de chaque \u00e9dition. Le jeudi 21 mai, profitez [&hellip;]","og_url":"https:\/\/internationaux-strasbourg.fr\/fr\/offre-women-20-le-jeudi\/","og_site_name":"INTERNATIONAUX DE STRASBOURG","article_publisher":"https:\/\/www.facebook.com\/INTERNATIONAUXSTRASBOURG\/","article_published_time":"2026-04-27T07:51:55+00:00","article_modified_time":"2026-04-27T07:51:57+00:00","og_image":[{"width":1400,"height":1400,"url":"https:\/\/internationaux-strasbourg.fr\/wp-content\/uploads\/2026\/04\/women.jpg","type":"image\/jpeg"}],"author":"Louise Amrhein","twitter_card":"summary_large_image","twitter_creator":"@WTA_Strasbourg","twitter_site":"@WTA_Strasbourg","twitter_misc":{"\u00c9crit par":"Louise Amrhein","Dur\u00e9e de lecture estim\u00e9e":"1 minute"},"schema":{"@context":"https:\/\/schema.org","@graph":[{"@type":"Article","@id":"https:\/\/internationaux-strasbourg.fr\/fr\/offre-women-20-le-jeudi\/#article","isPartOf":{"@id":"https:\/\/internationaux-strasbourg.fr\/fr\/offre-women-20-le-jeudi\/"},"author":{"name":"Louise Amrhein","@id":"https:\/\/internationaux-strasbourg.fr\/fr\/#\/schema\/person\/d5889e58edd157e13536997b1b801a41"},"headline":"Offre women : -20% le jeudi !","datePublished":"2026-04-27T07:51:55+00:00","dateModified":"2026-04-27T07:51:57+00:00","mainEntityOfPage":{"@id":"https:\/\/internationaux-strasbourg.fr\/fr\/offre-women-20-le-jeudi\/"},"wordCount":144,"commentCount":0,"publisher":{"@id":"https:\/\/internationaux-strasbourg.fr\/fr\/#organization"},"image":{"@id":"https:\/\/internationaux-strasbourg.fr\/fr\/offre-women-20-le-jeudi\/#primaryimage"},"thumbnailUrl":"https:\/\/internationaux-strasbourg.fr\/wp-content\/uploads\/2026\/04\/women.jpg","keywords":["IS26","Offre","promotion","women"],"articleSection":["IS26","Promotions"],"inLanguage":"fr-FR","potentialAction":[{"@type":"CommentAction","name":"Comment","target":["https:\/\/internationaux-strasbourg.fr\/fr\/offre-women-20-le-jeudi\/#respond"]}]},{"@type":"WebPage","@id":"https:\/\/internationaux-strasbourg.fr\/fr\/offre-women-20-le-jeudi\/","url":"https:\/\/internationaux-strasbourg.fr\/fr\/offre-women-20-le-jeudi\/","name":"Offre women : -20% le jeudi ! - INTERNATIONAUX DE STRASBOURG","isPartOf":{"@id":"https:\/\/internationaux-strasbourg.fr\/fr\/#website"},"primaryImageOfPage":{"@id":"https:\/\/internationaux-strasbourg.fr\/fr\/offre-women-20-le-jeudi\/#primaryimage"},"image":{"@id":"https:\/\/internationaux-strasbourg.fr\/fr\/offre-women-20-le-jeudi\/#primaryimage"},"thumbnailUrl":"https:\/\/internationaux-strasbourg.fr\/wp-content\/uploads\/2026\/04\/women.jpg","datePublished":"2026-04-27T07:51:55+00:00","dateModified":"2026-04-27T07:51:57+00:00","breadcrumb":{"@id":"https:\/\/internationaux-strasbourg.fr\/fr\/offre-women-20-le-jeudi\/#breadcrumb"},"inLanguage":"fr-FR","potentialAction":[{"@type":"ReadAction","target":["https:\/\/internationaux-strasbourg.fr\/fr\/offre-women-20-le-jeudi\/"]}]},{"@type":"ImageObject","inLanguage":"fr-FR","@id":"https:\/\/internationaux-strasbourg.fr\/fr\/offre-women-20-le-jeudi\/#primaryimage","url":"https:\/\/internationaux-strasbourg.fr\/wp-content\/uploads\/2026\/04\/women.jpg","contentUrl":"https:\/\/internationaux-strasbourg.fr\/wp-content\/uploads\/2026\/04\/women.jpg","width":1400,"height":1400},{"@type":"BreadcrumbList","@id":"https:\/\/internationaux-strasbourg.fr\/fr\/offre-women-20-le-jeudi\/#breadcrumb","itemListElement":[{"@type":"ListItem","position":1,"name":"Home","item":"https:\/\/internationaux-strasbourg.fr\/fr\/"},{"@type":"ListItem","position":2,"name":"Offre women : -20% le jeudi !"}]},{"@type":"WebSite","@id":"https:\/\/internationaux-strasbourg.fr\/fr\/#website","url":"https:\/\/internationaux-strasbourg.fr\/fr\/","name":"Internationaux de Strasbourg","description":"","publisher":{"@id":"https:\/\/internationaux-strasbourg.fr\/fr\/#organization"},"potentialAction":[{"@type":"SearchAction","target":{"@type":"EntryPoint","urlTemplate":"https:\/\/internationaux-strasbourg.fr\/fr\/?s={search_term_string}"},"query-input":{"@type":"PropertyValueSpecification","valueRequired":true,"valueName":"search_term_string"}}],"inLanguage":"fr-FR"},{"@type":"Organization","@id":"https:\/\/internationaux-strasbourg.fr\/fr\/#organization","name":"Internationaux de Strasbourg","url":"https:\/\/internationaux-strasbourg.fr\/fr\/","logo":{"@type":"ImageObject","inLanguage":"fr-FR","@id":"https:\/\/internationaux-strasbourg.fr\/fr\/#\/schema\/logo\/image\/","url":"http:\/\/is.local\/wp-content\/uploads\/2024\/12\/Logo-composite-noir-e1734341181451.png","contentUrl":"http:\/\/is.local\/wp-content\/uploads\/2024\/12\/Logo-composite-noir-e1734341181451.png","width":300,"height":103,"caption":"Internationaux de Strasbourg"},"image":{"@id":"https:\/\/internationaux-strasbourg.fr\/fr\/#\/schema\/logo\/image\/"},"sameAs":["https:\/\/www.facebook.com\/INTERNATIONAUXSTRASBOURG\/","https:\/\/x.com\/WTA_Strasbourg","https:\/\/www.instagram.com\/WTA_Strasbourg","https:\/\/www.youtube.com\/user\/istennis2014","https:\/\/www.linkedin.com\/showcase\/internationaux-de-strasbourg\/"]},{"@type":"Person","@id":"https:\/\/internationaux-strasbourg.fr\/fr\/#\/schema\/person\/d5889e58edd157e13536997b1b801a41","name":"Louise Amrhein","image":{"@type":"ImageObject","inLanguage":"fr-FR","@id":"https:\/\/internationaux-strasbourg.fr\/fr\/#\/schema\/person\/image\/","url":"https:\/\/secure.gravatar.com\/avatar\/30325482734a0af888c35bd53c26239119e41d44f2d3f6bc1491c3575171fcda?s=96&d=mm&r=g","contentUrl":"https:\/\/secure.gravatar.com\/avatar\/30325482734a0af888c35bd53c26239119e41d44f2d3f6bc1491c3575171fcda?s=96&d=mm&r=g","caption":"Louise Amrhein"},"url":"https:\/\/internationaux-strasbourg.fr\/fr\/author\/louise\/"}]}},"_links":{"self":[{"href":"https:\/\/internationaux-strasbourg.fr\/fr\/wp-json\/wp\/v2\/posts\/3079","targetHints":{"allow":["GET"]}}],"collection":[{"href":"https:\/\/internationaux-strasbourg.fr\/fr\/wp-json\/wp\/v2\/posts"}],"about":[{"href":"https:\/\/internationaux-strasbourg.fr\/fr\/wp-json\/wp\/v2\/types\/post"}],"author":[{"embeddable":true,"href":"https:\/\/internationaux-strasbourg.fr\/fr\/wp-json\/wp\/v2\/users\/2"}],"replies":[{"embeddable":true,"href":"https:\/\/internationaux-strasbourg.fr\/fr\/wp-json\/wp\/v2\/comments?post=3079"}],"version-history":[{"count":3,"href":"https:\/\/internationaux-strasbourg.fr\/fr\/wp-json\/wp\/v2\/posts\/3079\/revisions"}],"predecessor-version":[{"id":3151,"href":"https:\/\/internationaux-strasbourg.fr\/fr\/wp-json\/wp\/v2\/posts\/3079\/revisions\/3151"}],"wp:featuredmedia":[{"embeddable":true,"href":"https:\/\/internationaux-strasbourg.fr\/fr\/wp-json\/wp\/v2\/media\/3083"}],"wp:attachment":[{"href":"https:\/\/internationaux-strasbourg.fr\/fr\/wp-json\/wp\/v2\/media?parent=3079"}],"wp:term":[{"taxonomy":"category","embeddable":true,"href":"https:\/\/internationaux-strasbourg.fr\/fr\/wp-json\/wp\/v2\/categories?post=3079"},{"taxonomy":"post_tag","embeddable":true,"href":"https:\/\/internationaux-strasbourg.fr\/fr\/wp-json\/wp\/v2\/tags?post=3079"}],"curies":[{"name":"wp","href":"https:\/\/api.w.org\/{rel}","templated":true}]}}