{"id":195,"date":"2024-09-24T10:20:59","date_gmt":"2024-09-24T10:20:59","guid":{"rendered":"http:\/\/is.local\/?p=195"},"modified":"2025-03-20T15:04:51","modified_gmt":"2025-03-20T15:04:51","slug":"reunion-de-rentree-is2025","status":"publish","type":"post","link":"https:\/\/internationaux-strasbourg.fr\/fr\/reunion-de-rentree-is2025\/","title":{"rendered":"R\u00e9union de rentr\u00e9e #IS25"},"content":{"rendered":"\n<p>Ce mardi 24 septembre matin s&rsquo;est tenue \u00e0 l&rsquo;<mark style=\"background-color:rgba(0, 0, 0, 0)\" class=\"has-inline-color has-custom-noir-color\">AC H\u00f4tel by Marriott<\/mark>&nbsp;<strong><mark style=\"background-color:rgba(0, 0, 0, 0)\" class=\"has-inline-color has-custom-violet-color\">la r\u00e9union des partenaires des Internationaux de Strasbourg<\/mark><\/strong>.<br>L&rsquo;occasion de r\u00e9unir tous nos partenaires pour leur pr\u00e9senter le <strong><mark style=\"background-color:rgba(0, 0, 0, 0)\" class=\"has-inline-color has-custom-violet-color\">bilan de l&rsquo;\u00e9dition 2024<\/mark><\/strong> ainsi que les <strong><mark style=\"background-color:rgba(0, 0, 0, 0)\" class=\"has-inline-color has-custom-violet-color\">perspectives de la 39\u00e8me \u00e9dition qui se tiendra du<\/mark><\/strong> 17 au 24 mai 2025.<\/p>\n\n\n\n<p>Malgr\u00e9 des conditions m\u00e9t\u00e9orologiques compliqu\u00e9es, l&rsquo;\u00e9dition 2024 des #IS a \u00e9t\u00e9 une r\u00e9ussite, avec un record d&rsquo;affluence : <strong><mark style=\"background-color:rgba(0, 0, 0, 0)\" class=\"has-inline-color has-custom-violet-color\">37500 spectateurs durant la semaine, soit +36% par rapport \u00e0 2023.<\/mark><\/strong><\/p>\n\n\n\n<p>C\u00f4t\u00e9 m\u00e9dias, <strong><mark style=\"background-color:rgba(0, 0, 0, 0)\" class=\"has-inline-color has-custom-violet-color\">les IS ont \u00e9t\u00e9 diffus\u00e9s dans pr\u00e8s de 170 pays<\/mark><\/strong>, aupr\u00e8s de <strong><mark style=\"background-color:rgba(0, 0, 0, 0)\" class=\"has-inline-color has-custom-violet-color\">15 millions de t\u00e9l\u00e9spectateurs.<\/mark><\/strong><\/p>\n\n\n\n<p>En 2025, les IS continueront de faire grandir le tournoi, toujours en lien avec les valeurs fortes port\u00e9es : <strong><mark style=\"background-color:rgba(0, 0, 0, 0)\" class=\"has-inline-color has-custom-violet-color\">la d\u00e9fense du droit des femmes, l&rsquo;\u00e9co-responsabilit\u00e9 et l&rsquo;inclusion.<\/mark><\/strong><\/p>\n\n\n\n<p>A l&rsquo;issue de cette r\u00e9union, 80 personnes ont particip\u00e9 \u00e0 un <mark style=\"background-color:rgba(0, 0, 0, 0)\" class=\"has-inline-color has-custom-violet-color\"><a href=\"https:\/\/internationaux-strasbourg.fr\/retour-sur-le-speed-meeting-du-24-09-24\/\" target=\"_blank\" rel=\"noreferrer noopener\">Speed meeting<\/a><\/mark>, co-organis\u00e9 avec <a href=\"https:\/\/www.brasdroitdesdirigeants.com\/\" target=\"_blank\" rel=\"noreferrer noopener\">Bras Droit des Dirigeants<\/a>\u00a0et qui a permis \u00e0 nos partenaires de se rencontrer et de discuter ensemble.\u00a0<\/p>\n\n\n\n<p>Nous remercions l&rsquo;ensemble de nos partenaires pour leur pr\u00e9sence et leur fid\u00e8le soutien. Merci \u00e9galement \u00e0 l&rsquo;<strong><mark style=\"background-color:rgba(0, 0, 0, 0)\" class=\"has-inline-color has-custom-violet-color\">AC H\u00f4tel by Marriott<\/mark><\/strong>&nbsp;de nous avoir accueillis au sein de son \u00e9tablissement, h\u00f4tel officiel des IS.<\/p>\n\n\n\n<p>Destination IS25 !<\/p>\n","protected":false},"excerpt":{"rendered":"<p>Ce mardi 24 septembre matin s&rsquo;est tenue \u00e0 l&rsquo;AC H\u00f4tel by Marriott&nbsp;la r\u00e9union des partenaires des Internationaux de Strasbourg.L&rsquo;occasion de r\u00e9unir tous nos partenaires pour leur pr\u00e9senter le bilan de l&rsquo;\u00e9dition 2024 ainsi que les perspectives de la 39\u00e8me \u00e9dition qui se tiendra du 17 au 24 mai 2025. Malgr\u00e9 des conditions m\u00e9t\u00e9orologiques compliqu\u00e9es, l&rsquo;\u00e9dition [&hellip;]<\/p>\n","protected":false},"author":2,"featured_media":196,"comment_status":"closed","ping_status":"open","sticky":false,"template":"","format":"standard","meta":{"footnotes":""},"categories":[28,30],"tags":[48,47],"class_list":["post-195","post","type-post","status-publish","format-standard","has-post-thumbnail","hentry","category-evenement-fr","category-rencontres-fr","tag-is25","tag-rentree"],"yoast_head":"<!-- This site is optimized with the Yoast SEO plugin v26.6 - https:\/\/yoast.com\/wordpress\/plugins\/seo\/ -->\n<title>R\u00e9union de rentr\u00e9e #IS25 - INTERNATIONAUX DE STRASBOURG<\/title>\n<meta name=\"description\" content=\"Ce mardi 24 septembre matin s&#039;est tenue \u00e0 l&#039;AC H\u00f4tel by Marriott\u00a0la r\u00e9union de rentr\u00e9e des partenaires des Internationaux de Strasbourg.\" \/>\n<meta name=\"robots\" content=\"index, follow, max-snippet:-1, max-image-preview:large, max-video-preview:-1\" \/>\n<link rel=\"canonical\" href=\"https:\/\/internationaux-strasbourg.fr\/fr\/reunion-de-rentree-is2025\/\" \/>\n<meta property=\"og:locale\" content=\"fr_FR\" \/>\n<meta property=\"og:type\" content=\"article\" \/>\n<meta property=\"og:title\" content=\"R\u00e9union de rentr\u00e9e #IS25 - INTERNATIONAUX DE STRASBOURG\" \/>\n<meta property=\"og:description\" content=\"Ce mardi 24 septembre matin s&#039;est tenue \u00e0 l&#039;AC H\u00f4tel by Marriott\u00a0la r\u00e9union de rentr\u00e9e des partenaires des Internationaux de Strasbourg.\" \/>\n<meta property=\"og:url\" content=\"https:\/\/internationaux-strasbourg.fr\/fr\/reunion-de-rentree-is2025\/\" \/>\n<meta property=\"og:site_name\" content=\"INTERNATIONAUX DE STRASBOURG\" \/>\n<meta property=\"article:publisher\" content=\"https:\/\/www.facebook.com\/INTERNATIONAUXSTRASBOURG\/\" \/>\n<meta property=\"article:published_time\" content=\"2024-09-24T10:20:59+00:00\" \/>\n<meta property=\"article:modified_time\" content=\"2025-03-20T15:04:51+00:00\" \/>\n<meta property=\"og:image\" content=\"https:\/\/internationaux-strasbourg.fr\/wp-content\/uploads\/2024\/12\/reunion-rentree-is.jpeg\" \/>\n\t<meta property=\"og:image:width\" content=\"1200\" \/>\n\t<meta property=\"og:image:height\" content=\"900\" \/>\n\t<meta property=\"og:image:type\" content=\"image\/jpeg\" \/>\n<meta name=\"author\" content=\"Louise Amrhein\" \/>\n<meta name=\"twitter:card\" content=\"summary_large_image\" \/>\n<meta name=\"twitter:creator\" content=\"@WTA_Strasbourg\" \/>\n<meta name=\"twitter:site\" content=\"@WTA_Strasbourg\" \/>\n<meta name=\"twitter:label1\" content=\"\u00c9crit par\" \/>\n\t<meta name=\"twitter:data1\" content=\"Louise Amrhein\" \/>\n\t<meta name=\"twitter:label2\" content=\"Dur\u00e9e de lecture estim\u00e9e\" \/>\n\t<meta name=\"twitter:data2\" content=\"2 minutes\" \/>\n<script type=\"application\/ld+json\" class=\"yoast-schema-graph\">{\"@context\":\"https:\/\/schema.org\",\"@graph\":[{\"@type\":\"Article\",\"@id\":\"https:\/\/internationaux-strasbourg.fr\/fr\/reunion-de-rentree-is2025\/#article\",\"isPartOf\":{\"@id\":\"https:\/\/internationaux-strasbourg.fr\/fr\/reunion-de-rentree-is2025\/\"},\"author\":{\"name\":\"Louise Amrhein\",\"@id\":\"https:\/\/internationaux-strasbourg.fr\/fr\/#\/schema\/person\/d5889e58edd157e13536997b1b801a41\"},\"headline\":\"R\u00e9union de rentr\u00e9e #IS25\",\"datePublished\":\"2024-09-24T10:20:59+00:00\",\"dateModified\":\"2025-03-20T15:04:51+00:00\",\"mainEntityOfPage\":{\"@id\":\"https:\/\/internationaux-strasbourg.fr\/fr\/reunion-de-rentree-is2025\/\"},\"wordCount\":215,\"publisher\":{\"@id\":\"https:\/\/internationaux-strasbourg.fr\/fr\/#organization\"},\"image\":{\"@id\":\"https:\/\/internationaux-strasbourg.fr\/fr\/reunion-de-rentree-is2025\/#primaryimage\"},\"thumbnailUrl\":\"https:\/\/internationaux-strasbourg.fr\/wp-content\/uploads\/2024\/12\/reunion-rentree-is.jpeg\",\"keywords\":[\"#IS25\",\"#rentr\u00e9e\"],\"articleSection\":[\"\u00c9v\u00e9nement\",\"Rencontres\"],\"inLanguage\":\"fr-FR\"},{\"@type\":\"WebPage\",\"@id\":\"https:\/\/internationaux-strasbourg.fr\/fr\/reunion-de-rentree-is2025\/\",\"url\":\"https:\/\/internationaux-strasbourg.fr\/fr\/reunion-de-rentree-is2025\/\",\"name\":\"R\u00e9union de rentr\u00e9e #IS25 - INTERNATIONAUX DE STRASBOURG\",\"isPartOf\":{\"@id\":\"https:\/\/internationaux-strasbourg.fr\/fr\/#website\"},\"primaryImageOfPage\":{\"@id\":\"https:\/\/internationaux-strasbourg.fr\/fr\/reunion-de-rentree-is2025\/#primaryimage\"},\"image\":{\"@id\":\"https:\/\/internationaux-strasbourg.fr\/fr\/reunion-de-rentree-is2025\/#primaryimage\"},\"thumbnailUrl\":\"https:\/\/internationaux-strasbourg.fr\/wp-content\/uploads\/2024\/12\/reunion-rentree-is.jpeg\",\"datePublished\":\"2024-09-24T10:20:59+00:00\",\"dateModified\":\"2025-03-20T15:04:51+00:00\",\"description\":\"Ce mardi 24 septembre matin s'est tenue \u00e0 l'AC H\u00f4tel by Marriott\u00a0la r\u00e9union de rentr\u00e9e des partenaires des Internationaux de Strasbourg.\",\"breadcrumb\":{\"@id\":\"https:\/\/internationaux-strasbourg.fr\/fr\/reunion-de-rentree-is2025\/#breadcrumb\"},\"inLanguage\":\"fr-FR\",\"potentialAction\":[{\"@type\":\"ReadAction\",\"target\":[\"https:\/\/internationaux-strasbourg.fr\/fr\/reunion-de-rentree-is2025\/\"]}]},{\"@type\":\"ImageObject\",\"inLanguage\":\"fr-FR\",\"@id\":\"https:\/\/internationaux-strasbourg.fr\/fr\/reunion-de-rentree-is2025\/#primaryimage\",\"url\":\"https:\/\/internationaux-strasbourg.fr\/wp-content\/uploads\/2024\/12\/reunion-rentree-is.jpeg\",\"contentUrl\":\"https:\/\/internationaux-strasbourg.fr\/wp-content\/uploads\/2024\/12\/reunion-rentree-is.jpeg\",\"width\":1200,\"height\":900,\"caption\":\"R\u00e9union de rentr\u00e9e des partenaires\"},{\"@type\":\"BreadcrumbList\",\"@id\":\"https:\/\/internationaux-strasbourg.fr\/fr\/reunion-de-rentree-is2025\/#breadcrumb\",\"itemListElement\":[{\"@type\":\"ListItem\",\"position\":1,\"name\":\"Home\",\"item\":\"https:\/\/internationaux-strasbourg.fr\/fr\/\"},{\"@type\":\"ListItem\",\"position\":2,\"name\":\"R\u00e9union de rentr\u00e9e #IS25\"}]},{\"@type\":\"WebSite\",\"@id\":\"https:\/\/internationaux-strasbourg.fr\/fr\/#website\",\"url\":\"https:\/\/internationaux-strasbourg.fr\/fr\/\",\"name\":\"Internationaux de Strasbourg\",\"description\":\"\",\"publisher\":{\"@id\":\"https:\/\/internationaux-strasbourg.fr\/fr\/#organization\"},\"potentialAction\":[{\"@type\":\"SearchAction\",\"target\":{\"@type\":\"EntryPoint\",\"urlTemplate\":\"https:\/\/internationaux-strasbourg.fr\/fr\/?s={search_term_string}\"},\"query-input\":{\"@type\":\"PropertyValueSpecification\",\"valueRequired\":true,\"valueName\":\"search_term_string\"}}],\"inLanguage\":\"fr-FR\"},{\"@type\":\"Organization\",\"@id\":\"https:\/\/internationaux-strasbourg.fr\/fr\/#organization\",\"name\":\"Internationaux de Strasbourg\",\"url\":\"https:\/\/internationaux-strasbourg.fr\/fr\/\",\"logo\":{\"@type\":\"ImageObject\",\"inLanguage\":\"fr-FR\",\"@id\":\"https:\/\/internationaux-strasbourg.fr\/fr\/#\/schema\/logo\/image\/\",\"url\":\"http:\/\/is.local\/wp-content\/uploads\/2024\/12\/Logo-composite-noir-e1734341181451.png\",\"contentUrl\":\"http:\/\/is.local\/wp-content\/uploads\/2024\/12\/Logo-composite-noir-e1734341181451.png\",\"width\":300,\"height\":103,\"caption\":\"Internationaux de Strasbourg\"},\"image\":{\"@id\":\"https:\/\/internationaux-strasbourg.fr\/fr\/#\/schema\/logo\/image\/\"},\"sameAs\":[\"https:\/\/www.facebook.com\/INTERNATIONAUXSTRASBOURG\/\",\"https:\/\/x.com\/WTA_Strasbourg\",\"https:\/\/www.instagram.com\/WTA_Strasbourg\",\"https:\/\/www.youtube.com\/user\/istennis2014\",\"https:\/\/www.linkedin.com\/showcase\/internationaux-de-strasbourg\/\"]},{\"@type\":\"Person\",\"@id\":\"https:\/\/internationaux-strasbourg.fr\/fr\/#\/schema\/person\/d5889e58edd157e13536997b1b801a41\",\"name\":\"Louise Amrhein\",\"image\":{\"@type\":\"ImageObject\",\"inLanguage\":\"fr-FR\",\"@id\":\"https:\/\/internationaux-strasbourg.fr\/fr\/#\/schema\/person\/image\/\",\"url\":\"https:\/\/secure.gravatar.com\/avatar\/30325482734a0af888c35bd53c26239119e41d44f2d3f6bc1491c3575171fcda?s=96&d=mm&r=g\",\"contentUrl\":\"https:\/\/secure.gravatar.com\/avatar\/30325482734a0af888c35bd53c26239119e41d44f2d3f6bc1491c3575171fcda?s=96&d=mm&r=g\",\"caption\":\"Louise Amrhein\"},\"url\":\"https:\/\/internationaux-strasbourg.fr\/fr\/author\/louise\/\"}]}<\/script>\n<!-- \/ Yoast SEO plugin. -->","yoast_head_json":{"title":"R\u00e9union de rentr\u00e9e #IS25 - INTERNATIONAUX DE STRASBOURG","description":"Ce mardi 24 septembre matin s'est tenue \u00e0 l'AC H\u00f4tel by Marriott\u00a0la r\u00e9union de rentr\u00e9e des partenaires des Internationaux de Strasbourg.","robots":{"index":"index","follow":"follow","max-snippet":"max-snippet:-1","max-image-preview":"max-image-preview:large","max-video-preview":"max-video-preview:-1"},"canonical":"https:\/\/internationaux-strasbourg.fr\/fr\/reunion-de-rentree-is2025\/","og_locale":"fr_FR","og_type":"article","og_title":"R\u00e9union de rentr\u00e9e #IS25 - INTERNATIONAUX DE STRASBOURG","og_description":"Ce mardi 24 septembre matin s'est tenue \u00e0 l'AC H\u00f4tel by Marriott\u00a0la r\u00e9union de rentr\u00e9e des partenaires des Internationaux de Strasbourg.","og_url":"https:\/\/internationaux-strasbourg.fr\/fr\/reunion-de-rentree-is2025\/","og_site_name":"INTERNATIONAUX DE STRASBOURG","article_publisher":"https:\/\/www.facebook.com\/INTERNATIONAUXSTRASBOURG\/","article_published_time":"2024-09-24T10:20:59+00:00","article_modified_time":"2025-03-20T15:04:51+00:00","og_image":[{"width":1200,"height":900,"url":"https:\/\/internationaux-strasbourg.fr\/wp-content\/uploads\/2024\/12\/reunion-rentree-is.jpeg","type":"image\/jpeg"}],"author":"Louise Amrhein","twitter_card":"summary_large_image","twitter_creator":"@WTA_Strasbourg","twitter_site":"@WTA_Strasbourg","twitter_misc":{"\u00c9crit par":"Louise Amrhein","Dur\u00e9e de lecture estim\u00e9e":"2 minutes"},"schema":{"@context":"https:\/\/schema.org","@graph":[{"@type":"Article","@id":"https:\/\/internationaux-strasbourg.fr\/fr\/reunion-de-rentree-is2025\/#article","isPartOf":{"@id":"https:\/\/internationaux-strasbourg.fr\/fr\/reunion-de-rentree-is2025\/"},"author":{"name":"Louise Amrhein","@id":"https:\/\/internationaux-strasbourg.fr\/fr\/#\/schema\/person\/d5889e58edd157e13536997b1b801a41"},"headline":"R\u00e9union de rentr\u00e9e #IS25","datePublished":"2024-09-24T10:20:59+00:00","dateModified":"2025-03-20T15:04:51+00:00","mainEntityOfPage":{"@id":"https:\/\/internationaux-strasbourg.fr\/fr\/reunion-de-rentree-is2025\/"},"wordCount":215,"publisher":{"@id":"https:\/\/internationaux-strasbourg.fr\/fr\/#organization"},"image":{"@id":"https:\/\/internationaux-strasbourg.fr\/fr\/reunion-de-rentree-is2025\/#primaryimage"},"thumbnailUrl":"https:\/\/internationaux-strasbourg.fr\/wp-content\/uploads\/2024\/12\/reunion-rentree-is.jpeg","keywords":["#IS25","#rentr\u00e9e"],"articleSection":["\u00c9v\u00e9nement","Rencontres"],"inLanguage":"fr-FR"},{"@type":"WebPage","@id":"https:\/\/internationaux-strasbourg.fr\/fr\/reunion-de-rentree-is2025\/","url":"https:\/\/internationaux-strasbourg.fr\/fr\/reunion-de-rentree-is2025\/","name":"R\u00e9union de rentr\u00e9e #IS25 - INTERNATIONAUX DE STRASBOURG","isPartOf":{"@id":"https:\/\/internationaux-strasbourg.fr\/fr\/#website"},"primaryImageOfPage":{"@id":"https:\/\/internationaux-strasbourg.fr\/fr\/reunion-de-rentree-is2025\/#primaryimage"},"image":{"@id":"https:\/\/internationaux-strasbourg.fr\/fr\/reunion-de-rentree-is2025\/#primaryimage"},"thumbnailUrl":"https:\/\/internationaux-strasbourg.fr\/wp-content\/uploads\/2024\/12\/reunion-rentree-is.jpeg","datePublished":"2024-09-24T10:20:59+00:00","dateModified":"2025-03-20T15:04:51+00:00","description":"Ce mardi 24 septembre matin s'est tenue \u00e0 l'AC H\u00f4tel by Marriott\u00a0la r\u00e9union de rentr\u00e9e des partenaires des Internationaux de Strasbourg.","breadcrumb":{"@id":"https:\/\/internationaux-strasbourg.fr\/fr\/reunion-de-rentree-is2025\/#breadcrumb"},"inLanguage":"fr-FR","potentialAction":[{"@type":"ReadAction","target":["https:\/\/internationaux-strasbourg.fr\/fr\/reunion-de-rentree-is2025\/"]}]},{"@type":"ImageObject","inLanguage":"fr-FR","@id":"https:\/\/internationaux-strasbourg.fr\/fr\/reunion-de-rentree-is2025\/#primaryimage","url":"https:\/\/internationaux-strasbourg.fr\/wp-content\/uploads\/2024\/12\/reunion-rentree-is.jpeg","contentUrl":"https:\/\/internationaux-strasbourg.fr\/wp-content\/uploads\/2024\/12\/reunion-rentree-is.jpeg","width":1200,"height":900,"caption":"R\u00e9union de rentr\u00e9e des partenaires"},{"@type":"BreadcrumbList","@id":"https:\/\/internationaux-strasbourg.fr\/fr\/reunion-de-rentree-is2025\/#breadcrumb","itemListElement":[{"@type":"ListItem","position":1,"name":"Home","item":"https:\/\/internationaux-strasbourg.fr\/fr\/"},{"@type":"ListItem","position":2,"name":"R\u00e9union de rentr\u00e9e #IS25"}]},{"@type":"WebSite","@id":"https:\/\/internationaux-strasbourg.fr\/fr\/#website","url":"https:\/\/internationaux-strasbourg.fr\/fr\/","name":"Internationaux de Strasbourg","description":"","publisher":{"@id":"https:\/\/internationaux-strasbourg.fr\/fr\/#organization"},"potentialAction":[{"@type":"SearchAction","target":{"@type":"EntryPoint","urlTemplate":"https:\/\/internationaux-strasbourg.fr\/fr\/?s={search_term_string}"},"query-input":{"@type":"PropertyValueSpecification","valueRequired":true,"valueName":"search_term_string"}}],"inLanguage":"fr-FR"},{"@type":"Organization","@id":"https:\/\/internationaux-strasbourg.fr\/fr\/#organization","name":"Internationaux de Strasbourg","url":"https:\/\/internationaux-strasbourg.fr\/fr\/","logo":{"@type":"ImageObject","inLanguage":"fr-FR","@id":"https:\/\/internationaux-strasbourg.fr\/fr\/#\/schema\/logo\/image\/","url":"http:\/\/is.local\/wp-content\/uploads\/2024\/12\/Logo-composite-noir-e1734341181451.png","contentUrl":"http:\/\/is.local\/wp-content\/uploads\/2024\/12\/Logo-composite-noir-e1734341181451.png","width":300,"height":103,"caption":"Internationaux de Strasbourg"},"image":{"@id":"https:\/\/internationaux-strasbourg.fr\/fr\/#\/schema\/logo\/image\/"},"sameAs":["https:\/\/www.facebook.com\/INTERNATIONAUXSTRASBOURG\/","https:\/\/x.com\/WTA_Strasbourg","https:\/\/www.instagram.com\/WTA_Strasbourg","https:\/\/www.youtube.com\/user\/istennis2014","https:\/\/www.linkedin.com\/showcase\/internationaux-de-strasbourg\/"]},{"@type":"Person","@id":"https:\/\/internationaux-strasbourg.fr\/fr\/#\/schema\/person\/d5889e58edd157e13536997b1b801a41","name":"Louise Amrhein","image":{"@type":"ImageObject","inLanguage":"fr-FR","@id":"https:\/\/internationaux-strasbourg.fr\/fr\/#\/schema\/person\/image\/","url":"https:\/\/secure.gravatar.com\/avatar\/30325482734a0af888c35bd53c26239119e41d44f2d3f6bc1491c3575171fcda?s=96&d=mm&r=g","contentUrl":"https:\/\/secure.gravatar.com\/avatar\/30325482734a0af888c35bd53c26239119e41d44f2d3f6bc1491c3575171fcda?s=96&d=mm&r=g","caption":"Louise Amrhein"},"url":"https:\/\/internationaux-strasbourg.fr\/fr\/author\/louise\/"}]}},"_links":{"self":[{"href":"https:\/\/internationaux-strasbourg.fr\/fr\/wp-json\/wp\/v2\/posts\/195","targetHints":{"allow":["GET"]}}],"collection":[{"href":"https:\/\/internationaux-strasbourg.fr\/fr\/wp-json\/wp\/v2\/posts"}],"about":[{"href":"https:\/\/internationaux-strasbourg.fr\/fr\/wp-json\/wp\/v2\/types\/post"}],"author":[{"embeddable":true,"href":"https:\/\/internationaux-strasbourg.fr\/fr\/wp-json\/wp\/v2\/users\/2"}],"replies":[{"embeddable":true,"href":"https:\/\/internationaux-strasbourg.fr\/fr\/wp-json\/wp\/v2\/comments?post=195"}],"version-history":[{"count":5,"href":"https:\/\/internationaux-strasbourg.fr\/fr\/wp-json\/wp\/v2\/posts\/195\/revisions"}],"predecessor-version":[{"id":1595,"href":"https:\/\/internationaux-strasbourg.fr\/fr\/wp-json\/wp\/v2\/posts\/195\/revisions\/1595"}],"wp:featuredmedia":[{"embeddable":true,"href":"https:\/\/internationaux-strasbourg.fr\/fr\/wp-json\/wp\/v2\/media\/196"}],"wp:attachment":[{"href":"https:\/\/internationaux-strasbourg.fr\/fr\/wp-json\/wp\/v2\/media?parent=195"}],"wp:term":[{"taxonomy":"category","embeddable":true,"href":"https:\/\/internationaux-strasbourg.fr\/fr\/wp-json\/wp\/v2\/categories?post=195"},{"taxonomy":"post_tag","embeddable":true,"href":"https:\/\/internationaux-strasbourg.fr\/fr\/wp-json\/wp\/v2\/tags?post=195"}],"curies":[{"name":"wp","href":"https:\/\/api.w.org\/{rel}","templated":true}]}}